{"id":3898,"date":"2024-03-15T09:00:00","date_gmt":"2024-03-15T09:00:00","guid":{"rendered":"https:\/\/brion.codeloper.dev\/presentacion-da-andaina-terras-de-altamira-coa-actuacion-de-federico-perez\/"},"modified":"2026-04-07T15:11:28","modified_gmt":"2026-04-07T15:11:28","slug":"presentacion-da-andaina-terras-de-altamira-coa-actuacion-de-federico-perez","status":"publish","type":"post","link":"https:\/\/brion.codeloper.dev\/es\/presentacion-da-andaina-terras-de-altamira-coa-actuacion-de-federico-perez\/","title":{"rendered":"Presentaci\u00f3n da Andaina Terras de Altamira coa actuaci\u00f3n de FEDERICO P\u00c9REZ"},"content":{"rendered":"<p>A proba vai ser presentada nunha gala que se celebrar\u00e1 o vindeiro venres d\u00eda <strong>15 de marzo as 20h. no Centro Social Polivalente do Concello de Bri\u00f3n<\/strong>. Este evento estar\u00e1 conducido por Diego Via\u00f1o, reco\u00f1ecido meteor\u00f3logo da TVG, e na que tam\u00e9n estar\u00e1n presentes Pablo Lago Sanmart\u00edn , Alcalde de Bri\u00f3n; Javier Rico, delegado do reitor da USC para o Deporte e para a Igualdade; membros da Asociaci\u00f3n O Esquio No Pi\u00f1eiro e diversas autoridades da Federaci\u00f3n Galega de Monta\u00f1ismo.<\/p>\n<p>Nesta gala explicaranse os pormenores da proba, falarase das novidades do percorrido para este ano 2024 e tam\u00e9n contaremos coa gran actuaci\u00f3n de:<\/p>\n<p>&#8211; <strong>Federico P\u00e9rez Rey<\/strong> reco\u00f1ecido actor e humorista galego con papeis en series como Padre Casares, Air Galicia, La Casa de Papel&#8230; e galardoado nos premios Mestre Mateo do ano 2023 como mellor actor de reparto pola pel\u00edcula O Corpo Aberto.<\/p>\n<p>Para asistir a esta presentaci\u00f3n ser\u00e1 necesario retirar invitaci\u00f3ns na web <a href=\"http:\/\/billeteira.concellodebrion.gal\">billeteria.concellodebrion.gal<\/a><\/p>\n","protected":false},"excerpt":{"rendered":"<p>A proba vai ser presentada nunha gala que se celebrar\u00e1 o vindeiro venres d\u00eda 15 de marzo as 20h. no Centro Social Polivalente do Concello de Bri\u00f3n. Este evento estar\u00e1 conducido por Diego Via\u00f1o, reco\u00f1ecido meteor\u00f3logo da TVG, e na que tam\u00e9n estar\u00e1n presentes Pablo Lago Sanmart\u00edn , Alcalde de Bri\u00f3n; Javier Rico, delegado do [&hellip;]<\/p>\n","protected":false},"author":1,"featured_media":3896,"comment_status":"open","ping_status":"open","sticky":false,"template":"","format":"standard","meta":{"_start_date":"2024-03-15","_end_date":"2024-03-15","_formatted_date":"15 de marzo de 2024","_start_time":"20:00h.","_end_time":"","_extra_info":"Centro Social Polivalente","_acta_year":"","_acta_date":"","_post_attachments":[{"id":3897,"name":"Cartel Presentacion Andaina 2024.pdf","modifications":[]}]},"categories":[8],"tags":[],"class_list":["post-3898","post","type-post","status-publish","format-standard","has-post-thumbnail","hentry","category-deportes"],"categories_data":[{"id":8,"name":"Deportes","slug":"deportes"}],"_links":{"self":[{"href":"https:\/\/brion.codeloper.dev\/es\/wp-json\/wp\/v2\/posts\/3898","targetHints":{"allow":["GET"]}}],"collection":[{"href":"https:\/\/brion.codeloper.dev\/es\/wp-json\/wp\/v2\/posts"}],"about":[{"href":"https:\/\/brion.codeloper.dev\/es\/wp-json\/wp\/v2\/types\/post"}],"author":[{"embeddable":true,"href":"https:\/\/brion.codeloper.dev\/es\/wp-json\/wp\/v2\/users\/1"}],"replies":[{"embeddable":true,"href":"https:\/\/brion.codeloper.dev\/es\/wp-json\/wp\/v2\/comments?post=3898"}],"version-history":[{"count":1,"href":"https:\/\/brion.codeloper.dev\/es\/wp-json\/wp\/v2\/posts\/3898\/revisions"}],"predecessor-version":[{"id":4553,"href":"https:\/\/brion.codeloper.dev\/es\/wp-json\/wp\/v2\/posts\/3898\/revisions\/4553"}],"wp:featuredmedia":[{"embeddable":true,"href":"https:\/\/brion.codeloper.dev\/es\/wp-json\/wp\/v2\/media\/3896"}],"wp:attachment":[{"href":"https:\/\/brion.codeloper.dev\/es\/wp-json\/wp\/v2\/media?parent=3898"}],"wp:term":[{"taxonomy":"category","embeddable":true,"href":"https:\/\/brion.codeloper.dev\/es\/wp-json\/wp\/v2\/categories?post=3898"},{"taxonomy":"post_tag","embeddable":true,"href":"https:\/\/brion.codeloper.dev\/es\/wp-json\/wp\/v2\/tags?post=3898"}],"curies":[{"name":"wp","href":"https:\/\/api.w.org\/{rel}","templated":true}]}}