{"id":3889,"date":"2024-06-07T09:00:00","date_gmt":"2024-06-07T09:00:00","guid":{"rendered":"https:\/\/brion.codeloper.dev\/aprazada-accion-formativa-comunicacion-dixital-como-crear-contido-en-rrss\/"},"modified":"2026-04-07T15:11:28","modified_gmt":"2026-04-07T15:11:28","slug":"aprazada-accion-formativa-comunicacion-dixital-como-crear-contido-en-rrss","status":"publish","type":"post","link":"https:\/\/brion.codeloper.dev\/es\/aprazada-accion-formativa-comunicacion-dixital-como-crear-contido-en-rrss\/","title":{"rendered":"APRAZADA!!! ACCI\u00d3N FORMATIVA. COMUNICACI\u00d3N DIXITAL: COMO CREAR CONTIDO EN RRSS"},"content":{"rendered":"<h4><strong>Por motivos lox\u00edsticos, v\u00e9monos na obriga de aprazar esta xornada formativa ata o mes de Setembro. Av\u00edsaremos das novas datas con suficiente antelaci\u00f3n. Desculpen as molestias.<\/strong><\/h4>\n<p>Dirixida a persoas maiores de 16 anos interesadas en mellorar a s\u00faa presenza online e dominar a comunicaci\u00f3n dixital en redes sociais.<\/p>\n<p><strong>DATAS:<\/strong> 7, 8, 14 e 15 de xu\u00f1o<\/p>\n<p><strong>LUGAR: <\/strong>Aula Cemit &#8211; Concello de Bri\u00f3n<\/p>\n<p><strong>HORARIO: <\/strong>Venres de 16:00 a 20:00h. \u00b7 S\u00e1bados de 10:00 a 14:00h.<\/p>\n<p><strong>PREZO:<\/strong> 20\u20ac por persoa<\/p>\n<p><strong>PRAZAS:<\/strong> 24, por rigorosa orde de inscripci\u00f3n. Con preferencia para persoas empadroadas no Concello de Bri\u00f3n<\/p>\n<p><strong>INSCRICI\u00d3NS:<\/strong> Presentando o formulario de inscripci\u00f3n cuberto por rexistro telem\u00e1tico, presencial ou a trav\u00e9s de calquera outro rexistro ao que se refire o artigo 16 da Lei 39\/2015, de 1 de outubro de procedemento administrativo com\u00fan nas AAPP.<\/p>\n<p><strong>M\u00c1IS INFORMACI\u00d3N<\/strong>: aula.cemit@concellodebrion.gal<\/p>\n<p>Outras actividades formativas en pr\u00f3ximas datas:<br \/>\n&#8211; Rob\u00f3tica e impresi\u00f3n 3D<\/p>\n","protected":false},"excerpt":{"rendered":"<p>Por motivos lox\u00edsticos, v\u00e9monos na obriga de aprazar esta xornada formativa ata o mes de Setembro. Av\u00edsaremos das novas datas con suficiente antelaci\u00f3n. Desculpen as molestias. Dirixida a persoas maiores de 16 anos interesadas en mellorar a s\u00faa presenza online e dominar a comunicaci\u00f3n dixital en redes sociais. DATAS: 7, 8, 14 e 15 de [&hellip;]<\/p>\n","protected":false},"author":1,"featured_media":3888,"comment_status":"open","ping_status":"open","sticky":false,"template":"","format":"standard","meta":{"_start_date":"2024-06-07","_end_date":"2024-06-15","_formatted_date":"Do 7 de xu\u00f1o ao 15 de xu\u00f1o de 2024","_start_time":"","_end_time":"","_extra_info":"Aula Cemit","_acta_year":"","_acta_date":"","_post_attachments":[]},"categories":[20],"tags":[],"class_list":["post-3889","post","type-post","status-publish","format-standard","has-post-thumbnail","hentry","category-formacion"],"categories_data":[{"id":20,"name":"Formaci\u00f3n","slug":"formacion"}],"_links":{"self":[{"href":"https:\/\/brion.codeloper.dev\/es\/wp-json\/wp\/v2\/posts\/3889","targetHints":{"allow":["GET"]}}],"collection":[{"href":"https:\/\/brion.codeloper.dev\/es\/wp-json\/wp\/v2\/posts"}],"about":[{"href":"https:\/\/brion.codeloper.dev\/es\/wp-json\/wp\/v2\/types\/post"}],"author":[{"embeddable":true,"href":"https:\/\/brion.codeloper.dev\/es\/wp-json\/wp\/v2\/users\/1"}],"replies":[{"embeddable":true,"href":"https:\/\/brion.codeloper.dev\/es\/wp-json\/wp\/v2\/comments?post=3889"}],"version-history":[{"count":1,"href":"https:\/\/brion.codeloper.dev\/es\/wp-json\/wp\/v2\/posts\/3889\/revisions"}],"predecessor-version":[{"id":4551,"href":"https:\/\/brion.codeloper.dev\/es\/wp-json\/wp\/v2\/posts\/3889\/revisions\/4551"}],"wp:featuredmedia":[{"embeddable":true,"href":"https:\/\/brion.codeloper.dev\/es\/wp-json\/wp\/v2\/media\/3888"}],"wp:attachment":[{"href":"https:\/\/brion.codeloper.dev\/es\/wp-json\/wp\/v2\/media?parent=3889"}],"wp:term":[{"taxonomy":"category","embeddable":true,"href":"https:\/\/brion.codeloper.dev\/es\/wp-json\/wp\/v2\/categories?post=3889"},{"taxonomy":"post_tag","embeddable":true,"href":"https:\/\/brion.codeloper.dev\/es\/wp-json\/wp\/v2\/tags?post=3889"}],"curies":[{"name":"wp","href":"https:\/\/api.w.org\/{rel}","templated":true}]}}