{"id":3857,"date":"2024-06-26T09:00:00","date_gmt":"2024-06-26T09:00:00","guid":{"rendered":"https:\/\/brion.codeloper.dev\/concerto-brinca-vai-de-aqui-acola-con-paco-nogueiras\/"},"modified":"2026-04-07T15:11:23","modified_gmt":"2026-04-07T15:11:23","slug":"concerto-brinca-vai-de-aqui-acola-con-paco-nogueiras","status":"publish","type":"post","link":"https:\/\/brion.codeloper.dev\/es\/concerto-brinca-vai-de-aqui-acola-con-paco-nogueiras\/","title":{"rendered":"CONCERTO | BRINCA VAI! DE AQU\u00cd A ACOL\u00c1 CON PACO NOGUEIRAS"},"content":{"rendered":"<p>A biblioteca municipal de Bri\u00f3n conv\u00eddate a participar no recital de <strong>Paco Nogueiras<\/strong>: <strong><em>\u00abBrinca vai!: de aqu\u00ed a acol\u00e1\u00bb<\/em><\/strong>. Un espect\u00e1culo baseado no libro-cd-dvd \u201cBrinca Vai!\u201d, editado por Kalandraka Editora, no que se combinan canci\u00f3ns, animaci\u00f3ns e interpretaci\u00f3ns cos ritmos e rexistros m\u00e1is divertidos.<\/p>\n<p><strong>DATA: <\/strong>26 de xu\u00f1o<br \/><strong>HORA: <\/strong>12:00 h.<br \/><strong>LUGAR DE CELEBRACI\u00d3N:<\/strong> Pavill\u00f3n Polideportivo Municipal de Bri\u00f3n<\/p>\n<p>Inscrici\u00f3n previa na actividade no <a href=\"https:\/\/forms.gle\/BMbfQzze6bBy8BUQ7\">formulario en li\u00f1a<\/a>.<br \/>\nM\u00e1is informaci\u00f3n no <a href=\"https:\/\/bibliotecadebrion.blogspot.com\/2024\/06\/paco-nogueiras-visita-brion-co.html\">blog da biblioteca municipal<\/a>.<\/p>\n<p>Actividade patrocinada polo programa <strong><em>Ler conta moito<\/em><\/strong> da Rede de Bibliotecas de Galicia.<\/p>\n","protected":false},"excerpt":{"rendered":"<p>A biblioteca municipal de Bri\u00f3n conv\u00eddate a participar no recital de Paco Nogueiras: \u00abBrinca vai!: de aqu\u00ed a acol\u00e1\u00bb. Un espect\u00e1culo baseado no libro-cd-dvd \u201cBrinca Vai!\u201d, editado por Kalandraka Editora, no que se combinan canci\u00f3ns, animaci\u00f3ns e interpretaci\u00f3ns cos ritmos e rexistros m\u00e1is divertidos. DATA: 26 de xu\u00f1oHORA: 12:00 h.LUGAR DE CELEBRACI\u00d3N: Pavill\u00f3n Polideportivo Municipal [&hellip;]<\/p>\n","protected":false},"author":1,"featured_media":3856,"comment_status":"open","ping_status":"open","sticky":false,"template":"","format":"standard","meta":{"_start_date":"2024-06-26","_end_date":"2024-06-26","_formatted_date":"26 de xu\u00f1o de 2024","_start_time":"12:00 h.","_end_time":"","_extra_info":"Pavill\u00f3n Polideportivo Municipal de Bri\u00f3n","_acta_year":"","_acta_date":"","_post_attachments":[]},"categories":[6],"tags":[],"class_list":["post-3857","post","type-post","status-publish","format-standard","has-post-thumbnail","hentry","category-cultura"],"categories_data":[{"id":6,"name":"Cultura","slug":"cultura"}],"_links":{"self":[{"href":"https:\/\/brion.codeloper.dev\/es\/wp-json\/wp\/v2\/posts\/3857","targetHints":{"allow":["GET"]}}],"collection":[{"href":"https:\/\/brion.codeloper.dev\/es\/wp-json\/wp\/v2\/posts"}],"about":[{"href":"https:\/\/brion.codeloper.dev\/es\/wp-json\/wp\/v2\/types\/post"}],"author":[{"embeddable":true,"href":"https:\/\/brion.codeloper.dev\/es\/wp-json\/wp\/v2\/users\/1"}],"replies":[{"embeddable":true,"href":"https:\/\/brion.codeloper.dev\/es\/wp-json\/wp\/v2\/comments?post=3857"}],"version-history":[{"count":1,"href":"https:\/\/brion.codeloper.dev\/es\/wp-json\/wp\/v2\/posts\/3857\/revisions"}],"predecessor-version":[{"id":4539,"href":"https:\/\/brion.codeloper.dev\/es\/wp-json\/wp\/v2\/posts\/3857\/revisions\/4539"}],"wp:featuredmedia":[{"embeddable":true,"href":"https:\/\/brion.codeloper.dev\/es\/wp-json\/wp\/v2\/media\/3856"}],"wp:attachment":[{"href":"https:\/\/brion.codeloper.dev\/es\/wp-json\/wp\/v2\/media?parent=3857"}],"wp:term":[{"taxonomy":"category","embeddable":true,"href":"https:\/\/brion.codeloper.dev\/es\/wp-json\/wp\/v2\/categories?post=3857"},{"taxonomy":"post_tag","embeddable":true,"href":"https:\/\/brion.codeloper.dev\/es\/wp-json\/wp\/v2\/tags?post=3857"}],"curies":[{"name":"wp","href":"https:\/\/api.w.org\/{rel}","templated":true}]}}