{"id":3811,"date":"2024-06-24T09:00:00","date_gmt":"2024-06-24T09:00:00","guid":{"rendered":"https:\/\/brion.codeloper.dev\/concilia-veran-2024\/"},"modified":"2026-04-07T15:11:18","modified_gmt":"2026-04-07T15:11:18","slug":"concilia-veran-2024","status":"publish","type":"post","link":"https:\/\/brion.codeloper.dev\/es\/concilia-veran-2024\/","title":{"rendered":"CONCILIA VER\u00c1N 2024"},"content":{"rendered":"<p><strong>ACTIVIDADES CONCILIACI\u00d3N<\/strong><br \/>\nDATAS: Do 24 de xu\u00f1o ao 10 de setembro divididas en 6 quendas.<br \/>\nHORARIO: De 8:00h a 15:00h (Pode ampliarse \u00e1s 7:30h no caso de existir demanda)<br \/>\nREQUISITOS: Para crianzas nacidas entre o 2012 e o 2020, empadroadas no Concello de Bri\u00f3n ou pertencentes ao programa \u00abVacaciones en Paz\u00bb<\/p>\n<p><strong>CAMPAMENTOS DE VER\u00c1N<\/strong><br \/>\nCAMPAMENTO INFANTIL<br \/>\nDo 8 ao 16 de xullo \u00b7 Para crianzas nacidas entre o 2012 e o 2015<br \/>\nCAMPAMENTO XUVENIL<br \/>\nDo 11 ao 19 de agosto \u00b7 Para crianzas nacidas entre o 2008 e o 2011<br \/>\n~<br \/>\nLUGAR: Albergue Convento de Herb\u00f3n (Padr\u00f3n)<br \/>\nREQUISITOS: Estar empadroados\/as no Concello de Bri\u00f3n ou pertencer ao programa \u00abVacaciones en Paz\u00bb<\/p>\n<p><em><strong>INSCRICI\u00d3N: Abertas ata o 26 de maio \u00e1s 23:59h. Telematicamente na sede electr\u00f3nica do concello, ou presencialmente na oficina municipal do rexistro.<br \/>\nPRAZAS: M\u00ednimo 20 partipantes por quenda \u00b7 PREZO: En funci\u00f3n da renda per c\u00e1pita da unidade familiar \u00b7 Info ampliada: www.concellodebrion.gal \u00b7<\/strong><\/em><\/p>\n","protected":false},"excerpt":{"rendered":"<p>ACTIVIDADES CONCILIACI\u00d3N DATAS: Do 24 de xu\u00f1o ao 10 de setembro divididas en 6 quendas. HORARIO: De 8:00h a 15:00h (Pode ampliarse \u00e1s 7:30h no caso de existir demanda) REQUISITOS: Para crianzas nacidas entre o 2012 e o 2020, empadroadas no Concello de Bri\u00f3n ou pertencentes ao programa \u00abVacaciones en Paz\u00bb CAMPAMENTOS DE VER\u00c1N CAMPAMENTO [&hellip;]<\/p>\n","protected":false},"author":1,"featured_media":3804,"comment_status":"open","ping_status":"open","sticky":false,"template":"","format":"standard","meta":{"_start_date":"2024-06-24","_end_date":"2024-09-10","_formatted_date":"Do 24 de xu\u00f1o ao 10 de setembro de 2024","_start_time":"","_end_time":"","_extra_info":"Casa do Concello","_acta_year":"","_acta_date":"","_post_attachments":[{"id":3805,"name":"Cartel Concilia Ver\u00e1n 2024.pdf","modifications":[]},{"id":3806,"name":"Anexo I Folla de Inscrici\u00f3n.pdf","modifications":[]},{"id":3807,"name":"Anexo II Certificaci\u00f3n necesidade conciliar.pdf","modifications":[]},{"id":3808,"name":"Anexo III Modelo renuncia as actividades.pdf","modifications":[]},{"id":3809,"name":"Informaci\u00f3n ampliada Concilia Ver\u00e1n 2024.pdf","modifications":[]},{"id":3810,"name":"Nota informativa_quendas e campamentos_Concilia Ver\u00e1n 2024_0.pdf","modifications":[]}]},"categories":[17],"tags":[],"class_list":["post-3811","post","type-post","status-publish","format-standard","has-post-thumbnail","hentry","category-conciliacion"],"categories_data":[{"id":17,"name":"Conciliaci\u00f3n","slug":"conciliacion"}],"_links":{"self":[{"href":"https:\/\/brion.codeloper.dev\/es\/wp-json\/wp\/v2\/posts\/3811","targetHints":{"allow":["GET"]}}],"collection":[{"href":"https:\/\/brion.codeloper.dev\/es\/wp-json\/wp\/v2\/posts"}],"about":[{"href":"https:\/\/brion.codeloper.dev\/es\/wp-json\/wp\/v2\/types\/post"}],"author":[{"embeddable":true,"href":"https:\/\/brion.codeloper.dev\/es\/wp-json\/wp\/v2\/users\/1"}],"replies":[{"embeddable":true,"href":"https:\/\/brion.codeloper.dev\/es\/wp-json\/wp\/v2\/comments?post=3811"}],"version-history":[{"count":1,"href":"https:\/\/brion.codeloper.dev\/es\/wp-json\/wp\/v2\/posts\/3811\/revisions"}],"predecessor-version":[{"id":4521,"href":"https:\/\/brion.codeloper.dev\/es\/wp-json\/wp\/v2\/posts\/3811\/revisions\/4521"}],"wp:featuredmedia":[{"embeddable":true,"href":"https:\/\/brion.codeloper.dev\/es\/wp-json\/wp\/v2\/media\/3804"}],"wp:attachment":[{"href":"https:\/\/brion.codeloper.dev\/es\/wp-json\/wp\/v2\/media?parent=3811"}],"wp:term":[{"taxonomy":"category","embeddable":true,"href":"https:\/\/brion.codeloper.dev\/es\/wp-json\/wp\/v2\/categories?post=3811"},{"taxonomy":"post_tag","embeddable":true,"href":"https:\/\/brion.codeloper.dev\/es\/wp-json\/wp\/v2\/tags?post=3811"}],"curies":[{"name":"wp","href":"https:\/\/api.w.org\/{rel}","templated":true}]}}