{"id":3800,"date":"2024-05-30T09:00:00","date_gmt":"2024-05-30T09:00:00","guid":{"rendered":"https:\/\/brion.codeloper.dev\/maio-cultural-chaves-do-tempo-de-luisa-villalta-contacontos-de-sole-felloza\/"},"modified":"2026-04-07T15:11:17","modified_gmt":"2026-04-07T15:11:17","slug":"maio-cultural-chaves-do-tempo-de-luisa-villalta-contacontos-de-sole-felloza","status":"publish","type":"post","link":"https:\/\/brion.codeloper.dev\/es\/maio-cultural-chaves-do-tempo-de-luisa-villalta-contacontos-de-sole-felloza\/","title":{"rendered":"MAIO CULTURAL | AS CHAVES DO TEMPO DE LU\u00cdSA VILLALTA &#8211; CONTACONTOS DE SOLE FELLOZA"},"content":{"rendered":"<p><strong>Sole Felloza<\/strong> visita Bri\u00f3n no mes das nosas Letras co contacontos <strong><em>\u00abAs chaves do tempo de Lu\u00edsa Villalta\u00bb<\/em><\/strong><\/p>\n<h4>SINOPSE:<\/h4>\n<p>Lu\u00edsa Villalta foi poeta, dramaturga, ensa\u00edsta e tam\u00e9n fixo incursi\u00f3ns na narrativa. Nesta obra, Lu\u00edsa conta unha historia marabillosa que pode acontecer hoxe e sempre. Poden d\u00faas chaves, creadas por Merl\u00edn, salvar o mundo? Poden unha ra\u00ed\u00f1a, unha xograresa e unha criada, sobrevivir nun mundo de homes?<br \/>\nAbre a porta do conto e ter\u00e1s a resposta.<\/p>\n<p>Narraci\u00f3n oral | P\u00fablico familiar (recomendado para crianzas maiores de 8 anos) | Duraci\u00f3n: 55 min.<\/p>\n<p><strong>Data: <\/strong>xoves 30 de maio<br \/><strong>Hora: <\/strong>18:00 h.<br \/><strong>Lugar de celebraci\u00f3n:<\/strong> Sala Municipal de Exposici\u00f3ns (Casa da Cultura de Bri\u00f3n)<\/p>\n<p>Espect\u00e1culo organizado pola biblioteca municipal co patrocinio do programa <strong><em>Ler conta Moito<\/em><\/strong> da Rede de Bibliotecas de Galicia.<\/p>\n","protected":false},"excerpt":{"rendered":"<p>Sole Felloza visita Bri\u00f3n no mes das nosas Letras co contacontos \u00abAs chaves do tempo de Lu\u00edsa Villalta\u00bb SINOPSE: Lu\u00edsa Villalta foi poeta, dramaturga, ensa\u00edsta e tam\u00e9n fixo incursi\u00f3ns na narrativa. Nesta obra, Lu\u00edsa conta unha historia marabillosa que pode acontecer hoxe e sempre. Poden d\u00faas chaves, creadas por Merl\u00edn, salvar o mundo? Poden unha [&hellip;]<\/p>\n","protected":false},"author":1,"featured_media":3799,"comment_status":"open","ping_status":"open","sticky":false,"template":"","format":"standard","meta":{"_start_date":"2024-05-30","_end_date":"2024-05-30","_formatted_date":"30 de maio de 2024","_start_time":"18:00 h.","_end_time":"","_extra_info":"Sala Municipal de Exposici\u00f3ns (Casa da Cultura)","_acta_year":"","_acta_date":"","_post_attachments":[]},"categories":[6],"tags":[],"class_list":["post-3800","post","type-post","status-publish","format-standard","has-post-thumbnail","hentry","category-cultura"],"categories_data":[{"id":6,"name":"Cultura","slug":"cultura"}],"_links":{"self":[{"href":"https:\/\/brion.codeloper.dev\/es\/wp-json\/wp\/v2\/posts\/3800","targetHints":{"allow":["GET"]}}],"collection":[{"href":"https:\/\/brion.codeloper.dev\/es\/wp-json\/wp\/v2\/posts"}],"about":[{"href":"https:\/\/brion.codeloper.dev\/es\/wp-json\/wp\/v2\/types\/post"}],"author":[{"embeddable":true,"href":"https:\/\/brion.codeloper.dev\/es\/wp-json\/wp\/v2\/users\/1"}],"replies":[{"embeddable":true,"href":"https:\/\/brion.codeloper.dev\/es\/wp-json\/wp\/v2\/comments?post=3800"}],"version-history":[{"count":1,"href":"https:\/\/brion.codeloper.dev\/es\/wp-json\/wp\/v2\/posts\/3800\/revisions"}],"predecessor-version":[{"id":4519,"href":"https:\/\/brion.codeloper.dev\/es\/wp-json\/wp\/v2\/posts\/3800\/revisions\/4519"}],"wp:featuredmedia":[{"embeddable":true,"href":"https:\/\/brion.codeloper.dev\/es\/wp-json\/wp\/v2\/media\/3799"}],"wp:attachment":[{"href":"https:\/\/brion.codeloper.dev\/es\/wp-json\/wp\/v2\/media?parent=3800"}],"wp:term":[{"taxonomy":"category","embeddable":true,"href":"https:\/\/brion.codeloper.dev\/es\/wp-json\/wp\/v2\/categories?post=3800"},{"taxonomy":"post_tag","embeddable":true,"href":"https:\/\/brion.codeloper.dev\/es\/wp-json\/wp\/v2\/tags?post=3800"}],"curies":[{"name":"wp","href":"https:\/\/api.w.org\/{rel}","templated":true}]}}