{"id":3798,"date":"2024-05-31T09:00:00","date_gmt":"2024-05-31T09:00:00","guid":{"rendered":"https:\/\/brion.codeloper.dev\/maio-cultural-presentacion-do-libro-de-cantos-y-revoluciones-alberto-perez-riera\/"},"modified":"2026-04-07T15:11:17","modified_gmt":"2026-04-07T15:11:17","slug":"maio-cultural-presentacion-do-libro-de-cantos-y-revoluciones-alberto-perez-riera","status":"publish","type":"post","link":"https:\/\/brion.codeloper.dev\/es\/maio-cultural-presentacion-do-libro-de-cantos-y-revoluciones-alberto-perez-riera\/","title":{"rendered":"MAIO CULTURAL | PRESENTACI\u00d3N DO \u00abLIBRO DE CANTOS Y REVOLUCIONES\u00bb &#8211; ALBERTO P\u00c9REZ RIERA"},"content":{"rendered":"<p>A biblioteca municipal de Bri\u00f3n organiza un novo encontro literario, nesta ocasi\u00f3n co escritor brion\u00e9s <strong>Alberto P\u00e9rez Riera <\/strong>que presentar\u00e1 a s\u00faa \u00faltima obra <strong><em>\u00bb De cantos y revoluciones: y como el amor transforma al mundo\u00bb<\/em><\/strong>, publicado por Ediciones Carena. O autor estar\u00e1 acompa\u00f1ado polo profesor <strong>Xabier Ron.<\/strong><\/p>\n<p><strong>Data: <\/strong>venres, 31 de maio<br \/><strong>Hora:<\/strong> 20:00 h.<br \/><strong>Lugar de celebraci\u00f3n: <\/strong>Sala Municipal de Exposici\u00f3ns (Casa da Cultura)<\/p>\n<p><strong>Entrada libre <\/strong>ata completar a capacidade do local.<\/p>\n","protected":false},"excerpt":{"rendered":"<p>A biblioteca municipal de Bri\u00f3n organiza un novo encontro literario, nesta ocasi\u00f3n co escritor brion\u00e9s Alberto P\u00e9rez Riera que presentar\u00e1 a s\u00faa \u00faltima obra \u00bb De cantos y revoluciones: y como el amor transforma al mundo\u00bb, publicado por Ediciones Carena. O autor estar\u00e1 acompa\u00f1ado polo profesor Xabier Ron. Data: venres, 31 de maioHora: 20:00 h.Lugar [&hellip;]<\/p>\n","protected":false},"author":1,"featured_media":3796,"comment_status":"open","ping_status":"open","sticky":false,"template":"","format":"standard","meta":{"_start_date":"2024-05-31","_end_date":"2024-05-31","_formatted_date":"31 de maio de 2024","_start_time":"20:00 h.","_end_time":"","_extra_info":"Sala Municipal de Exposici\u00f3ns (Casa da Cultura)","_acta_year":"","_acta_date":"","_post_attachments":[{"id":3797,"name":"Cartel presentaci\u00f3n literaria Alberto P\u00e9rez Riera.pdf","modifications":[]}]},"categories":[6],"tags":[],"class_list":["post-3798","post","type-post","status-publish","format-standard","has-post-thumbnail","hentry","category-cultura"],"categories_data":[{"id":6,"name":"Cultura","slug":"cultura"}],"_links":{"self":[{"href":"https:\/\/brion.codeloper.dev\/es\/wp-json\/wp\/v2\/posts\/3798","targetHints":{"allow":["GET"]}}],"collection":[{"href":"https:\/\/brion.codeloper.dev\/es\/wp-json\/wp\/v2\/posts"}],"about":[{"href":"https:\/\/brion.codeloper.dev\/es\/wp-json\/wp\/v2\/types\/post"}],"author":[{"embeddable":true,"href":"https:\/\/brion.codeloper.dev\/es\/wp-json\/wp\/v2\/users\/1"}],"replies":[{"embeddable":true,"href":"https:\/\/brion.codeloper.dev\/es\/wp-json\/wp\/v2\/comments?post=3798"}],"version-history":[{"count":1,"href":"https:\/\/brion.codeloper.dev\/es\/wp-json\/wp\/v2\/posts\/3798\/revisions"}],"predecessor-version":[{"id":4518,"href":"https:\/\/brion.codeloper.dev\/es\/wp-json\/wp\/v2\/posts\/3798\/revisions\/4518"}],"wp:featuredmedia":[{"embeddable":true,"href":"https:\/\/brion.codeloper.dev\/es\/wp-json\/wp\/v2\/media\/3796"}],"wp:attachment":[{"href":"https:\/\/brion.codeloper.dev\/es\/wp-json\/wp\/v2\/media?parent=3798"}],"wp:term":[{"taxonomy":"category","embeddable":true,"href":"https:\/\/brion.codeloper.dev\/es\/wp-json\/wp\/v2\/categories?post=3798"},{"taxonomy":"post_tag","embeddable":true,"href":"https:\/\/brion.codeloper.dev\/es\/wp-json\/wp\/v2\/tags?post=3798"}],"curies":[{"name":"wp","href":"https:\/\/api.w.org\/{rel}","templated":true}]}}