{"id":3783,"date":"2024-09-26T09:00:00","date_gmt":"2024-09-26T09:00:00","guid":{"rendered":"https:\/\/brion.codeloper.dev\/viii-festival-monecadas\/"},"modified":"2026-04-07T15:11:16","modified_gmt":"2026-04-07T15:11:16","slug":"viii-festival-monecadas","status":"publish","type":"post","link":"https:\/\/brion.codeloper.dev\/es\/viii-festival-monecadas\/","title":{"rendered":"VIII FESTIVAL MONECADAS"},"content":{"rendered":"<p>En setembro, chega a Bri\u00f3n unha nova edici\u00f3n do <strong>Festival Monecadas<\/strong>, que este ano coincide en datas coa Romar\u00eda de Santa Minia. Un festival para todos os p\u00fablicos pensado especialmente para as persoas m\u00e1is pequenas da casa.<\/p>\n<h3>Programa:<\/h3>\n<h4>Xoves 26 de setembro | 17:00 h.<\/h4>\n<p><strong><em>\u00abEmotivas\u00bb<\/em> &#8211; Titiritr\u00e9s<\/strong><\/p>\n<p>A trav\u00e9s dos nosos amigos Melancol\u00eda, Irritaci\u00f3n e Seguridade descubriremos que son as emoci\u00f3ns, como nos fan sentir e o complexas e divertidas que poden chegar a ser. Estas tres personaxes farannos viaxar a outros lugares onde cantaremos, riremos e aprenderemos a entender que sucede no noso interior.<\/p>\n<h4>Venres 27 de setembro | 17:00 h.<\/h4>\n<p><strong><em>\u00abUnha armadura con ferruxe\u00bb<\/em> &#8211; T\u00edteres Cascanueces<\/strong><\/p>\n<p>Un cabaleiro quedou preso na s\u00faa armadura. Agora a s\u00faa familia non sabe cal \u00e9 o seu verdadeiro aspecto. A s\u00faa esposa e o seu fillo loitan desesperadamente por liberalo.<br \/>\nFunci\u00f3n de monicreques din\u00e1mica e amena para todos cunha mensaxe moi importante sobre a igualdade de x\u00e9nero.<\/p>\n<h4>S\u00e1bado 28 de setembro | 17:00 h.<\/h4>\n<p><strong><em>\u00abCachim\u00f3bil: a cabeza do drag\u00f3n\u00bb<\/em> &#8211; T\u00edteres Cachirulo<\/strong><\/p>\n<p>Adaptaci\u00f3n para marionetas da obra de D. Ram\u00f3n Mar\u00eda del Valle-Incl\u00e1n, \u201cLa cabeza del drag\u00f3n\u201d. O Pr\u00edncipe Verdemar \u00e9 desterrado do seu fogar e, coa axuda dun trasgo\u00a0 falcatrueiro, ter\u00e1 que loitar contra bandoleiros e mesmo contra o terrible drag\u00f3n que ten apresada a filla do Rei Micomic\u00f3n para poder retornar triunfante a casa.<\/p>\n<h4>Domingo 29 de setembro | 12:00 h.<\/h4>\n<p><strong><em>\u00abA Cuba!\u00bb<\/em> &#8211; T\u00edteres Alakr\u00e1n<\/strong><\/p>\n<p><em>\u00abA Cuba!\u00bb<\/em> \u00e9 unha produci\u00f3n que xoga cos personaxes do teatro bufo cubano (o galego, a mulata e o negri\u00f1o) para contar a historia dun galego que emigra a Cuba a principios do s\u00e9culo pasado.<\/p>\n<p>Todas as funci\u00f3ns celebraranse na <strong>Praza do Concello<\/strong> (Pedrouzos) con acceso libre. En caso de meteorolox\u00eda adversa, trasladaranse ao <strong>Centro Social Polivalente<\/strong> (Pedrouzos).<\/p>\n","protected":false},"excerpt":{"rendered":"<p>En setembro, chega a Bri\u00f3n unha nova edici\u00f3n do Festival Monecadas, que este ano coincide en datas coa Romar\u00eda de Santa Minia. Un festival para todos os p\u00fablicos pensado especialmente para as persoas m\u00e1is pequenas da casa. Programa: Xoves 26 de setembro | 17:00 h. \u00abEmotivas\u00bb &#8211; Titiritr\u00e9s A trav\u00e9s dos nosos amigos Melancol\u00eda, Irritaci\u00f3n [&hellip;]<\/p>\n","protected":false},"author":1,"featured_media":3782,"comment_status":"open","ping_status":"open","sticky":false,"template":"","format":"standard","meta":{"_start_date":"2024-09-26","_end_date":"2024-09-29","_formatted_date":"Do 26 de setembro ao 29 de setembro de 2024","_start_time":"Xoves a s\u00e1bado: 17:00 h. | Domingo: 12:00 h.","_end_time":"","_extra_info":"Praza do Concello | En caso de choiva: Centro Social Polivalente de Bri\u00f3n (Pedrouzos-Bri\u00f3n)","_acta_year":"","_acta_date":"","_post_attachments":[]},"categories":[6],"tags":[],"class_list":["post-3783","post","type-post","status-publish","format-standard","has-post-thumbnail","hentry","category-cultura"],"categories_data":[{"id":6,"name":"Cultura","slug":"cultura"}],"_links":{"self":[{"href":"https:\/\/brion.codeloper.dev\/es\/wp-json\/wp\/v2\/posts\/3783","targetHints":{"allow":["GET"]}}],"collection":[{"href":"https:\/\/brion.codeloper.dev\/es\/wp-json\/wp\/v2\/posts"}],"about":[{"href":"https:\/\/brion.codeloper.dev\/es\/wp-json\/wp\/v2\/types\/post"}],"author":[{"embeddable":true,"href":"https:\/\/brion.codeloper.dev\/es\/wp-json\/wp\/v2\/users\/1"}],"replies":[{"embeddable":true,"href":"https:\/\/brion.codeloper.dev\/es\/wp-json\/wp\/v2\/comments?post=3783"}],"version-history":[{"count":1,"href":"https:\/\/brion.codeloper.dev\/es\/wp-json\/wp\/v2\/posts\/3783\/revisions"}],"predecessor-version":[{"id":4514,"href":"https:\/\/brion.codeloper.dev\/es\/wp-json\/wp\/v2\/posts\/3783\/revisions\/4514"}],"wp:featuredmedia":[{"embeddable":true,"href":"https:\/\/brion.codeloper.dev\/es\/wp-json\/wp\/v2\/media\/3782"}],"wp:attachment":[{"href":"https:\/\/brion.codeloper.dev\/es\/wp-json\/wp\/v2\/media?parent=3783"}],"wp:term":[{"taxonomy":"category","embeddable":true,"href":"https:\/\/brion.codeloper.dev\/es\/wp-json\/wp\/v2\/categories?post=3783"},{"taxonomy":"post_tag","embeddable":true,"href":"https:\/\/brion.codeloper.dev\/es\/wp-json\/wp\/v2\/tags?post=3783"}],"curies":[{"name":"wp","href":"https:\/\/api.w.org\/{rel}","templated":true}]}}