{"id":3774,"date":"2024-09-21T09:00:00","date_gmt":"2024-09-21T09:00:00","guid":{"rendered":"https:\/\/brion.codeloper.dev\/festival-brion-inclue-2024\/"},"modified":"2026-04-07T15:11:15","modified_gmt":"2026-04-07T15:11:15","slug":"festival-brion-inclue-2024","status":"publish","type":"post","link":"https:\/\/brion.codeloper.dev\/es\/festival-brion-inclue-2024\/","title":{"rendered":"FESTIVAL BRI\u00d3N INCL\u00daE 2024"},"content":{"rendered":"<p>O Concello de Bri\u00f3n, en colaboraci\u00f3n con Culturactiva, co apoio da Deputaci\u00f3n da Coru\u00f1a e o patrocinio de Gadis e Froiz, presenta unha nova edici\u00f3n do festival BRI\u00d3NIncl\u00fae. Unha aposta por unha programaci\u00f3n cultural variada, de calidade e inclusiva .<\/p>\n<p>Do 21 ao 29 de setembro de 2024.<\/p>\n<h3>PROGRAMACI\u00d3N<\/h3>\n<p><strong>S\u00c1BADO 21: 20.00 h<\/strong><\/p>\n<p><strong>Setestrelo<\/strong> &#8211; Teatro (ONCE Vigo): <em>\u00abArroutada\u00bb<\/em><br \/>\nCENTRO SOCIAL POLIVALENTE<\/p>\n<p><strong>LUNS 25: 11.00 h e 12.30 h<\/strong><\/p>\n<p><strong>Mago Teto<\/strong> &#8211; <em>\u00abTolemaxias\u00bb<\/em><br \/>\nFunci\u00f3n para diversos colectivos de persoas con discapacidade<br \/>\nCENTRO SOCIAL POLIVALENTE<\/p>\n<p><strong>MARTES 22:<\/strong><\/p>\n<p><strong>10.00 h.<\/strong><\/p>\n<p><strong>Charo Pita\u00a0<\/strong> <em>&#8211; \u00abA Carreira\u00bb<\/em><br \/>\nPase para alumnos\/as de Educaci\u00f3n Infantil do CEIP Pedrouzos<br \/>\nCENTRO SOCIAL POLIVALENTE<\/p>\n<p><strong>12.00 h.<\/strong><\/p>\n<p><strong>Charo Pita\u00a0<\/strong> &#8211; <em>\u00abA Carreira\u00bb<\/em><br \/>\nPase para alumnos\/as da Escola de Educaci\u00f3n Infantil dos<br \/>\n\u00c1nxeles e da Escola de Educaci\u00f3n Infantil de Sabax\u00e1ns<br \/>\nCENTRO SOCIAL POLIVALENTE<\/p>\n<p><strong>M\u00c9RCORES 25:<\/strong><\/p>\n<p><strong>10.00 h.<\/strong><\/p>\n<p><strong>Charo Pita\u00a0<\/strong>&#8211; <em>\u00abA Carreira\u00bb<\/em><br \/>\nPase para alumnos\/as de 19 de Primaria do<br \/>\nCEIP Pedrouzos de Bri\u00f3n<br \/>\nCENTRO SOCIAL POLIVALENTE<\/p>\n<p><strong>11.30 h.<\/strong><\/p>\n<p><strong>Charo Pita\u00a0<\/strong> &#8211; <em>\u00abA Carreira\u00bb<\/em><br \/>\nPase para alumnos\/as de 29 de Primaria do<br \/>\nCEIP Pedrouzos de Bri\u00f3n<br \/>\nCENTRO SOCIAL POLIVALENTE<\/p>\n<p><strong>DOMINGO 29: 13.00 h.<\/strong><\/p>\n<p><strong>Sesi\u00f3n Verm\u00fa<\/strong> con <strong>Leti da Taberna, lguatuke <\/strong>e<strong> Chungo Pastel<\/strong><br \/>\nCAMPO DA FESTA da ROMAR\u00cdA DE SANTA MINIA.<\/p>\n","protected":false},"excerpt":{"rendered":"<p>O Concello de Bri\u00f3n, en colaboraci\u00f3n con Culturactiva, co apoio da Deputaci\u00f3n da Coru\u00f1a e o patrocinio de Gadis e Froiz, presenta unha nova edici\u00f3n do festival BRI\u00d3NIncl\u00fae. Unha aposta por unha programaci\u00f3n cultural variada, de calidade e inclusiva . Do 21 ao 29 de setembro de 2024. PROGRAMACI\u00d3N S\u00c1BADO 21: 20.00 h Setestrelo &#8211; [&hellip;]<\/p>\n","protected":false},"author":1,"featured_media":3772,"comment_status":"open","ping_status":"open","sticky":false,"template":"","format":"standard","meta":{"_start_date":"2024-09-21","_end_date":"2024-09-29","_formatted_date":"Do 21 de setembro ao 29 de setembro de 2024","_start_time":"Do 21 ao 29 de setembro de 2024","_end_time":"","_extra_info":"Centro Social Polivalente de Bri\u00f3n \/ Campo da Festa da Romar\u00eda de Sta. Minia","_acta_year":"","_acta_date":"","_post_attachments":[{"id":3773,"name":"Bri\u00f3n Incl\u00fae Programa Completo.pdf","modifications":[]}]},"categories":[6],"tags":[],"class_list":["post-3774","post","type-post","status-publish","format-standard","has-post-thumbnail","hentry","category-cultura"],"categories_data":[{"id":6,"name":"Cultura","slug":"cultura"}],"_links":{"self":[{"href":"https:\/\/brion.codeloper.dev\/es\/wp-json\/wp\/v2\/posts\/3774","targetHints":{"allow":["GET"]}}],"collection":[{"href":"https:\/\/brion.codeloper.dev\/es\/wp-json\/wp\/v2\/posts"}],"about":[{"href":"https:\/\/brion.codeloper.dev\/es\/wp-json\/wp\/v2\/types\/post"}],"author":[{"embeddable":true,"href":"https:\/\/brion.codeloper.dev\/es\/wp-json\/wp\/v2\/users\/1"}],"replies":[{"embeddable":true,"href":"https:\/\/brion.codeloper.dev\/es\/wp-json\/wp\/v2\/comments?post=3774"}],"version-history":[{"count":1,"href":"https:\/\/brion.codeloper.dev\/es\/wp-json\/wp\/v2\/posts\/3774\/revisions"}],"predecessor-version":[{"id":4510,"href":"https:\/\/brion.codeloper.dev\/es\/wp-json\/wp\/v2\/posts\/3774\/revisions\/4510"}],"wp:featuredmedia":[{"embeddable":true,"href":"https:\/\/brion.codeloper.dev\/es\/wp-json\/wp\/v2\/media\/3772"}],"wp:attachment":[{"href":"https:\/\/brion.codeloper.dev\/es\/wp-json\/wp\/v2\/media?parent=3774"}],"wp:term":[{"taxonomy":"category","embeddable":true,"href":"https:\/\/brion.codeloper.dev\/es\/wp-json\/wp\/v2\/categories?post=3774"},{"taxonomy":"post_tag","embeddable":true,"href":"https:\/\/brion.codeloper.dev\/es\/wp-json\/wp\/v2\/tags?post=3774"}],"curies":[{"name":"wp","href":"https:\/\/api.w.org\/{rel}","templated":true}]}}