{"id":3743,"date":"2024-10-17T09:00:00","date_gmt":"2024-10-17T09:00:00","guid":{"rendered":"https:\/\/brion.codeloper.dev\/o-artesan-mans-sabias-exposicion-de-tono-villar\/"},"modified":"2026-04-07T15:11:12","modified_gmt":"2026-04-07T15:11:12","slug":"o-artesan-mans-sabias-exposicion-de-tono-villar","status":"publish","type":"post","link":"https:\/\/brion.codeloper.dev\/es\/o-artesan-mans-sabias-exposicion-de-tono-villar\/","title":{"rendered":"O ARTES\u00c1N, AS MANS SABIAS | EXPOSICI\u00d3N DE TO\u00d1O VILLAR"},"content":{"rendered":"<p>O fot\u00f3grafo <strong>To\u00f1o Villar<\/strong> presenta en Bri\u00f3n a exposici\u00f3n<strong><em> \u00abO artes\u00e1n, as mans sabias\u00bb<\/em><\/strong><\/p>\n<p>Unha mostra fotogr\u00e1fica que poder\u00e1 visitarse do <strong>17 ao 31 de outubro<\/strong> deste ano no Centro Social de Bri\u00f3n. Un achegamento ao traballo dos artes\u00e1ns a trav\u00e9s da labor diaria do luthier <strong>Xos\u00e9 Tunhas.<\/strong><\/p>\n<p><strong>Data de Inauguraci\u00f3n:<\/strong> xoves, 17 de outubro<br \/><strong>Hora: <\/strong>20:30 h.<br \/><strong>Lugar de celebraci\u00f3n: <\/strong>Centro Social Polivamente (Pedrouzos-Bri\u00f3n)<\/p>\n<p>A exposici\u00f3n estar\u00e1 aberta ao p\u00fablico do 17 ao 31 de outubro de 2024 no mencionado espazo. <strong>Acceso libre<\/strong> (tanto \u00e1 inauguraci\u00f3n como a mostra)<\/p>\n","protected":false},"excerpt":{"rendered":"<p>O fot\u00f3grafo To\u00f1o Villar presenta en Bri\u00f3n a exposici\u00f3n \u00abO artes\u00e1n, as mans sabias\u00bb Unha mostra fotogr\u00e1fica que poder\u00e1 visitarse do 17 ao 31 de outubro deste ano no Centro Social de Bri\u00f3n. Un achegamento ao traballo dos artes\u00e1ns a trav\u00e9s da labor diaria do luthier Xos\u00e9 Tunhas. Data de Inauguraci\u00f3n: xoves, 17 de outubroHora: [&hellip;]<\/p>\n","protected":false},"author":1,"featured_media":3742,"comment_status":"open","ping_status":"open","sticky":false,"template":"","format":"standard","meta":{"_start_date":"2024-10-17","_end_date":"2024-10-31","_formatted_date":"Do 17 de outubro ao 31 de outubro de 2024","_start_time":"Inauguraci\u00f3n: 20:30 h.","_end_time":"","_extra_info":"Centro Social Polivalente de Bri\u00f3n","_acta_year":"","_acta_date":"","_post_attachments":[]},"categories":[6],"tags":[],"class_list":["post-3743","post","type-post","status-publish","format-standard","has-post-thumbnail","hentry","category-cultura"],"categories_data":[{"id":6,"name":"Cultura","slug":"cultura"}],"_links":{"self":[{"href":"https:\/\/brion.codeloper.dev\/es\/wp-json\/wp\/v2\/posts\/3743","targetHints":{"allow":["GET"]}}],"collection":[{"href":"https:\/\/brion.codeloper.dev\/es\/wp-json\/wp\/v2\/posts"}],"about":[{"href":"https:\/\/brion.codeloper.dev\/es\/wp-json\/wp\/v2\/types\/post"}],"author":[{"embeddable":true,"href":"https:\/\/brion.codeloper.dev\/es\/wp-json\/wp\/v2\/users\/1"}],"replies":[{"embeddable":true,"href":"https:\/\/brion.codeloper.dev\/es\/wp-json\/wp\/v2\/comments?post=3743"}],"version-history":[{"count":1,"href":"https:\/\/brion.codeloper.dev\/es\/wp-json\/wp\/v2\/posts\/3743\/revisions"}],"predecessor-version":[{"id":4501,"href":"https:\/\/brion.codeloper.dev\/es\/wp-json\/wp\/v2\/posts\/3743\/revisions\/4501"}],"wp:featuredmedia":[{"embeddable":true,"href":"https:\/\/brion.codeloper.dev\/es\/wp-json\/wp\/v2\/media\/3742"}],"wp:attachment":[{"href":"https:\/\/brion.codeloper.dev\/es\/wp-json\/wp\/v2\/media?parent=3743"}],"wp:term":[{"taxonomy":"category","embeddable":true,"href":"https:\/\/brion.codeloper.dev\/es\/wp-json\/wp\/v2\/categories?post=3743"},{"taxonomy":"post_tag","embeddable":true,"href":"https:\/\/brion.codeloper.dev\/es\/wp-json\/wp\/v2\/tags?post=3743"}],"curies":[{"name":"wp","href":"https:\/\/api.w.org\/{rel}","templated":true}]}}