{"id":3717,"date":"2024-11-16T09:00:00","date_gmt":"2024-11-16T09:00:00","guid":{"rendered":"https:\/\/brion.codeloper.dev\/outono-cultural-2024-musica-boleros-del-alma-julia-vari-carlos-arevalo-0\/"},"modified":"2026-04-07T15:11:07","modified_gmt":"2026-04-07T15:11:07","slug":"outono-cultural-2024-musica-boleros-del-alma-julia-vari-carlos-arevalo-0","status":"publish","type":"post","link":"https:\/\/brion.codeloper.dev\/es\/outono-cultural-2024-musica-boleros-del-alma-julia-vari-carlos-arevalo-0\/","title":{"rendered":"OUTONO CULTURAL 2024 &#8211; M\u00daSICA | BOLEROS DEL ALMA &#8211; JULIA VARI &#038; CARLOS AR\u00c9VALO"},"content":{"rendered":"<p>Concerto de\u00a0 <strong>Julia Vari &amp; Carlos Ar\u00e9valo<\/strong>:<strong><em> \u00abBoleros del Alma\u00bb<\/em><\/strong><\/p>\n<p><strong>PRESENTACI\u00d3N:<\/strong><\/p>\n<p>Cantante, pianista e arranxadora multiling\u00fce e multicultural, Julia Vari \u00e9 unha das cantantes de jazz latinoamericanas m\u00e1is importantes da nosa \u00e9poca (George Varga, San Diego Union Tribune). Reco\u00f1ecida pola prensa como \u201cA ra\u00ed\u00f1a do jazz mexicano,\u201d Julia \u00e9 sin\u00f3nimo de talento, enerx\u00eda, orixinalidade e entrega, polo que durante m\u00e1is dunha d\u00e9cada encantou ao p\u00fablico grazas aos seus orixinais arranxos musicais e a s\u00faa fusi\u00f3n do jazz coa m\u00fasica do mundo e ritmos latinos.<\/p>\n<p>Entre os seus logros, Vari pode presumir non s\u00f3 de posu\u00edr unha expresiva voz e un sutil pero elegante estilo ao piano, sen\u00f3n tam\u00e9n 5 \u00e1lbums en solitario e un nomeamento a Hollywood Music in Media, as\u00ed como presentaci\u00f3ns en recintos ic\u00f3nicos entre os que destacan o Auditorio Nacional de M\u00e9xico, o Centro Nacional das Artesen Ottawa, o Festival de M\u00fasica Ecl\u00e9ctica en Los \u00c1ngeles, e o Festival Internacional de Latin Jazz CLAZZ con Arturo Sandoval.<\/p>\n<p>En Espa\u00f1a, Vari presentouse con \u00e9xito en salas de prestixio como Teatro Real Carlos III de Aranjuez, Caf\u00e9 Berl\u00edn, Clamores, Jamboree, Harlem Jazz Club e Sala Garufa e sa\u00edu en medios como O Pa\u00eds, EFE, O Mundo, A Opini\u00f3n Murcia, A Opini\u00f3n Corunha, e Televisi\u00f3n de Galicia.<\/p>\n<p>Cabe destacar que esta polifac\u00e9tica artista \u00e9 capaz de cantar en 8 idiomas, talento que resultou central ao momento das s\u00faas xiras internacionais por Estados Unidos, M\u00e9xico, Am\u00e9rica Central, o Caribe e Espa\u00f1a. Dita capacidade, tam\u00e9n lle facilitou compartir escenario e colaborar con talentos lendarios como Armando Manzanero, Francisco C\u00e9spedes e Arturo Sandoval, as\u00ed como os produtores e enxe\u00f1eiros ga\u00f1adores do Grammy, \u00d3scar Zambrano, Robert Hadley, \u00d3scar Autie, Harry Aponte, e Mario Santos. Ademais, dous os seus \u00e1lbums, Lumea: Songs of the World in Jazz e Adoro, ocuparon postos nos Top 5 das listas de jazz-blues en Am\u00e9rica Latina, competindo con artistas internacionais da talla de Michael Bubl\u00e9 e Diana Krall.<\/p>\n<p>Actualmente radicada entre Madrid e Miami, Vari \u00e9 un orgullosa membro votante da Academia de Gravaci\u00f3n GRAMMY.<\/p>\n<p><strong>DATA:<\/strong> s\u00e1bado, 16 de novembro<br \/><strong>HORA: <\/strong>20:00 h.<br \/><strong>LUGAR DE CELEBRACI\u00d3N:<\/strong> Centro Social Polivalente<\/p>\n<p><strong>Entrada de balde<\/strong> ata completar a capacidade do local.<\/p>\n","protected":false},"excerpt":{"rendered":"<p>Concerto de\u00a0 Julia Vari &amp; Carlos Ar\u00e9valo: \u00abBoleros del Alma\u00bb PRESENTACI\u00d3N: Cantante, pianista e arranxadora multiling\u00fce e multicultural, Julia Vari \u00e9 unha das cantantes de jazz latinoamericanas m\u00e1is importantes da nosa \u00e9poca (George Varga, San Diego Union Tribune). Reco\u00f1ecida pola prensa como \u201cA ra\u00ed\u00f1a do jazz mexicano,\u201d Julia \u00e9 sin\u00f3nimo de talento, enerx\u00eda, orixinalidade e [&hellip;]<\/p>\n","protected":false},"author":1,"featured_media":3716,"comment_status":"open","ping_status":"open","sticky":false,"template":"","format":"standard","meta":{"_start_date":"2024-11-16","_end_date":"2024-11-16","_formatted_date":"16 de novembro de 2024","_start_time":"20:00 h.","_end_time":"","_extra_info":"Centro Social Polivalente de Bri\u00f3n","_acta_year":"","_acta_date":"","_post_attachments":[]},"categories":[6],"tags":[],"class_list":["post-3717","post","type-post","status-publish","format-standard","has-post-thumbnail","hentry","category-cultura"],"categories_data":[{"id":6,"name":"Cultura","slug":"cultura"}],"_links":{"self":[{"href":"https:\/\/brion.codeloper.dev\/es\/wp-json\/wp\/v2\/posts\/3717","targetHints":{"allow":["GET"]}}],"collection":[{"href":"https:\/\/brion.codeloper.dev\/es\/wp-json\/wp\/v2\/posts"}],"about":[{"href":"https:\/\/brion.codeloper.dev\/es\/wp-json\/wp\/v2\/types\/post"}],"author":[{"embeddable":true,"href":"https:\/\/brion.codeloper.dev\/es\/wp-json\/wp\/v2\/users\/1"}],"replies":[{"embeddable":true,"href":"https:\/\/brion.codeloper.dev\/es\/wp-json\/wp\/v2\/comments?post=3717"}],"version-history":[{"count":1,"href":"https:\/\/brion.codeloper.dev\/es\/wp-json\/wp\/v2\/posts\/3717\/revisions"}],"predecessor-version":[{"id":4489,"href":"https:\/\/brion.codeloper.dev\/es\/wp-json\/wp\/v2\/posts\/3717\/revisions\/4489"}],"wp:featuredmedia":[{"embeddable":true,"href":"https:\/\/brion.codeloper.dev\/es\/wp-json\/wp\/v2\/media\/3716"}],"wp:attachment":[{"href":"https:\/\/brion.codeloper.dev\/es\/wp-json\/wp\/v2\/media?parent=3717"}],"wp:term":[{"taxonomy":"category","embeddable":true,"href":"https:\/\/brion.codeloper.dev\/es\/wp-json\/wp\/v2\/categories?post=3717"},{"taxonomy":"post_tag","embeddable":true,"href":"https:\/\/brion.codeloper.dev\/es\/wp-json\/wp\/v2\/tags?post=3717"}],"curies":[{"name":"wp","href":"https:\/\/api.w.org\/{rel}","templated":true}]}}