{"id":3668,"date":"2024-12-13T09:00:00","date_gmt":"2024-12-13T09:00:00","guid":{"rendered":"https:\/\/brion.codeloper.dev\/bo-nadal-concello-de-brion-programacion-cultural-e-de-lecer\/"},"modified":"2026-04-07T15:11:03","modified_gmt":"2026-04-07T15:11:03","slug":"bo-nadal-concello-de-brion-programacion-cultural-e-de-lecer","status":"publish","type":"post","link":"https:\/\/brion.codeloper.dev\/es\/bo-nadal-concello-de-brion-programacion-cultural-e-de-lecer\/","title":{"rendered":"BO NADAL &#8211; CONCELLO DE BRI\u00d3N | PROGRAMACI\u00d3N CULTURAL E DE LECER"},"content":{"rendered":"<p>Programaci\u00f3n cultural e de lecer do Concello de Bri\u00f3n para os meses de decembro de 2024 e xaneiro de 2025<\/p>\n<p><strong>Venres 13 de decembro<\/strong><br \/><strong><em>ACENDIDO DO ALUMEADO DE NADAL<\/em><\/strong><br \/>\nEspect\u00e1culo de max\u00eda con <strong>CAYETANO LLED\u00d3<\/strong><br \/>\nCarballeira de Santa Minia \u00e1s 18:00h.<\/p>\n<p><strong>S\u00e1bado 14 de decembro<\/strong><br \/><em><strong>TEATRO<\/strong><\/em><br \/><strong>ISABEL RISCO<\/strong> \u00b7 Bravas<br \/>\nRede Cultural da Deputaci\u00f3n da Coru\u00f1a<br \/>\nCentro Social Polivalente \u00e1s 20:00h.<\/p>\n<p><strong>Do 17 de decembro ao 24 de xaneiro<\/strong><br \/><strong><em>EXPOSICI\u00d3N SOLIDARIA DO ENCONTRO COA ARTE<\/em><\/strong><br \/>\nA prol da reconstruci\u00f3n do Obradoiro dos artistas pl\u00e1sticos de Paiporta (Valencia), Jos\u00e9 Galarzo e Mar\u00eda Carmen Mart\u00ednez<br \/>\nInauguraci\u00f3n 17 de decembro<br \/>\nSala Municipal de Exposici\u00f3ns \u00e1s 20:30h.<\/p>\n<p><strong>Xoves 19 de decembro<\/strong><br \/><strong><em>CONTACONTOS E M\u00daSICA<\/em><\/strong><br \/><strong>VELA\u00cdSCA PROXECTOS EDUCATIVOS<\/strong> \u00b7 Apalpadora<br \/>\nSala Municipal de Exposici\u00f3ns \u00e1s 18:00h.<\/p>\n<p><strong>Venres 20 de decembro<br \/><em>CONTACONTOS E M\u00daSICA<\/em><\/strong><br \/><strong>OS PI\u00d1EIRI\u00d1OS \u00b7 <\/strong>Xa \u00e9 Nadal<br \/>\nRede de Dinamizaci\u00f3n Ling\u00fc\u00edstica Xunta de Galicia<br \/>\nSala Municipal de Exposici\u00f3ns \u00e1s 18:30h.<\/p>\n<p><strong>Ata o 20 de Decembro<br \/><em>TARXETAS DE NADAL<\/em><\/strong><br \/><strong>XXXIV Concurso de Tarxetas de Nadal 2024<\/strong><br \/>\nNenos e Nenas de Bri\u00f3n, que cursen<br \/>\nEducaci\u00f3n Infantil ou Primaria<\/p>\n<p><strong>Do 23 de decembro ao 7 de xaneiro<br \/><em>CONCILIA NADAL<\/em><\/strong><br \/>\nActividades de cociliaci\u00f3n para nenos e nenas nados entre 2012 e 2020<br \/>\nPavill\u00f3n Polideportivo de 8:00 a 15:00h.<\/p>\n<p><strong>D\u00edas 2 e 3 de xaneiro de 2025<br \/><em>XXIX FESTIVAL DE T\u00cdTERES DE NADAL<\/em><\/strong><br \/>\nXoves 2 \u00b7 <strong>MIRCROMINA TEATRO <\/strong>\u00b7 Vacaci\u00f3ns no mar<br \/>\nVenres 3 \u00b7 <strong>DANTHEA TEATRO &#8211; PATRICIA CAME\u00c1N <\/strong>\u00b7 Inverno na lavander\u00eda<br \/>\nPara toda a familia<br \/>\nCentro Social Polivalente \u00e1s 17:30h.<\/p>\n<p><strong>Domingo 5 de Xaneiro<br \/><em>CABALGATA DE REIS<\/em><\/strong><br \/>\nVisita das SS.MM. Os Reis Magos<br \/>\nPercorrido polas parroquias<\/p>\n","protected":false},"excerpt":{"rendered":"<p>Programaci\u00f3n cultural e de lecer do Concello de Bri\u00f3n para os meses de decembro de 2024 e xaneiro de 2025 Venres 13 de decembroACENDIDO DO ALUMEADO DE NADAL Espect\u00e1culo de max\u00eda con CAYETANO LLED\u00d3 Carballeira de Santa Minia \u00e1s 18:00h. S\u00e1bado 14 de decembroTEATROISABEL RISCO \u00b7 Bravas Rede Cultural da Deputaci\u00f3n da Coru\u00f1a Centro Social [&hellip;]<\/p>\n","protected":false},"author":1,"featured_media":3667,"comment_status":"open","ping_status":"open","sticky":false,"template":"","format":"standard","meta":{"_start_date":"2024-12-13","_end_date":"2025-01-05","_formatted_date":"Do 13 de decembro ao 5 de xaneiro de 2025","_start_time":"Meses de decembro e xaneiro","_end_time":"","_extra_info":"Concello de Bri\u00f3n","_acta_year":"","_acta_date":"","_post_attachments":[]},"categories":[6],"tags":[],"class_list":["post-3668","post","type-post","status-publish","format-standard","has-post-thumbnail","hentry","category-cultura"],"categories_data":[{"id":6,"name":"Cultura","slug":"cultura"}],"_links":{"self":[{"href":"https:\/\/brion.codeloper.dev\/es\/wp-json\/wp\/v2\/posts\/3668","targetHints":{"allow":["GET"]}}],"collection":[{"href":"https:\/\/brion.codeloper.dev\/es\/wp-json\/wp\/v2\/posts"}],"about":[{"href":"https:\/\/brion.codeloper.dev\/es\/wp-json\/wp\/v2\/types\/post"}],"author":[{"embeddable":true,"href":"https:\/\/brion.codeloper.dev\/es\/wp-json\/wp\/v2\/users\/1"}],"replies":[{"embeddable":true,"href":"https:\/\/brion.codeloper.dev\/es\/wp-json\/wp\/v2\/comments?post=3668"}],"version-history":[{"count":1,"href":"https:\/\/brion.codeloper.dev\/es\/wp-json\/wp\/v2\/posts\/3668\/revisions"}],"predecessor-version":[{"id":4474,"href":"https:\/\/brion.codeloper.dev\/es\/wp-json\/wp\/v2\/posts\/3668\/revisions\/4474"}],"wp:featuredmedia":[{"embeddable":true,"href":"https:\/\/brion.codeloper.dev\/es\/wp-json\/wp\/v2\/media\/3667"}],"wp:attachment":[{"href":"https:\/\/brion.codeloper.dev\/es\/wp-json\/wp\/v2\/media?parent=3668"}],"wp:term":[{"taxonomy":"category","embeddable":true,"href":"https:\/\/brion.codeloper.dev\/es\/wp-json\/wp\/v2\/categories?post=3668"},{"taxonomy":"post_tag","embeddable":true,"href":"https:\/\/brion.codeloper.dev\/es\/wp-json\/wp\/v2\/tags?post=3668"}],"curies":[{"name":"wp","href":"https:\/\/api.w.org\/{rel}","templated":true}]}}