{"id":3610,"date":"2025-02-17T09:00:00","date_gmt":"2025-02-17T09:00:00","guid":{"rendered":"https:\/\/brion.codeloper.dev\/dia-de-rosalia-23-de-febreiro\/"},"modified":"2026-04-07T15:10:58","modified_gmt":"2026-04-07T15:10:58","slug":"dia-de-rosalia-23-de-febreiro","status":"publish","type":"post","link":"https:\/\/brion.codeloper.dev\/es\/dia-de-rosalia-23-de-febreiro\/","title":{"rendered":"D\u00cdA DE ROSAL\u00cdA, 23 DE FEBREIRO"},"content":{"rendered":"<p>Para conmemorar o <strong>23 de febreiro, <em>D\u00eda de Rosal\u00eda<\/em><\/strong>, o Concello de Bri\u00f3n convida a toda a cidadan\u00eda a participar na programaci\u00f3n especial de actividades para homenaxear a nosa autora m\u00e1is senlleira, especialmente vinculada ao noso concello a trav\u00e9s de Bastavales.<\/p>\n<h4>Do 17 de febreiro ao 7 de marzo<\/h4>\n<p><em><strong>Traxes tradicionais de Galicia e o falseamento hist\u00f3rico na folclorizaci\u00f3n: Exposici\u00f3n did\u00e1ctica<\/strong><\/em><\/p>\n<p>Mostra investigada e realizada por <strong>M. Susana Peleteiro Fern\u00e1ndez.<\/strong><br \/>\nNa casa da cultura de bri\u00f3n (sala exposici\u00f3ns).<\/p>\n<p><strong>Horario de visita:<\/strong><br \/>10:00 a 14:00 h. | 16:30 a 18:30 h. De luns a venres<\/p>\n<p>Inauguraci\u00f3n o xoves 20 de febreiro \u00e1s 19:30 h.<\/p>\n<h4>S\u00e1bado 22 de febreiro<\/h4>\n<p><strong><em>Bri\u00f3n, unha historia que contar: Ao son das camp\u00e1s de Rosal\u00eda con Esperanza Mara<\/em><\/strong><br \/>Unha experiencia musical e art\u00edstica con ofrenda a Rosal\u00eda de Castro.<\/p>\n<p>Esperanza ir\u00e1 tocando diferentes camp\u00e1s ao tempo que canta anacos de poemas de Rosal\u00eda. Haber\u00e1 lecturas, narraci\u00f3ns e din\u00e1micas participativas para celebrar xuntas\/os o D\u00eda de Rosal\u00eda en Bastavales.<\/p>\n<p>Na igrexa de san Xiao de Bastavales<\/p>\n<p>Actividade de balde | sen inscrici\u00f3n previa<\/p>\n<h4>Domingo 23 de febreiro<\/h4>\n<p><strong><em>Caldo de Gloria<\/em><\/strong><\/p>\n<p>Homenaxe a Rosal\u00eda degustando un petisco do tradicional caldo galego.<br \/>\nEn diferentes establecementos hostaleiros colaboradores de Bri\u00f3n.<\/p>\n<p><strong><em>Caf\u00e9 con Verso<\/em><\/strong><\/p>\n<p>Toma un caf\u00e9 acompa\u00f1ado dun poema de Rosal\u00eda.<br \/>\nEn diferentes establecementos hostaleiros colaboradores de Bri\u00f3n.<\/p>\n","protected":false},"excerpt":{"rendered":"<p>Para conmemorar o 23 de febreiro, D\u00eda de Rosal\u00eda, o Concello de Bri\u00f3n convida a toda a cidadan\u00eda a participar na programaci\u00f3n especial de actividades para homenaxear a nosa autora m\u00e1is senlleira, especialmente vinculada ao noso concello a trav\u00e9s de Bastavales. Do 17 de febreiro ao 7 de marzo Traxes tradicionais de Galicia e o [&hellip;]<\/p>\n","protected":false},"author":1,"featured_media":3609,"comment_status":"open","ping_status":"open","sticky":false,"template":"","format":"standard","meta":{"_start_date":"2025-02-17","_end_date":"2025-02-23","_formatted_date":"Do 17 de febreiro ao 23 de febreiro de 2025","_start_time":"","_end_time":"","_extra_info":"Concello de Bri\u00f3n","_acta_year":"","_acta_date":"","_post_attachments":[]},"categories":[6],"tags":[],"class_list":["post-3610","post","type-post","status-publish","format-standard","has-post-thumbnail","hentry","category-cultura"],"categories_data":[{"id":6,"name":"Cultura","slug":"cultura"}],"_links":{"self":[{"href":"https:\/\/brion.codeloper.dev\/es\/wp-json\/wp\/v2\/posts\/3610","targetHints":{"allow":["GET"]}}],"collection":[{"href":"https:\/\/brion.codeloper.dev\/es\/wp-json\/wp\/v2\/posts"}],"about":[{"href":"https:\/\/brion.codeloper.dev\/es\/wp-json\/wp\/v2\/types\/post"}],"author":[{"embeddable":true,"href":"https:\/\/brion.codeloper.dev\/es\/wp-json\/wp\/v2\/users\/1"}],"replies":[{"embeddable":true,"href":"https:\/\/brion.codeloper.dev\/es\/wp-json\/wp\/v2\/comments?post=3610"}],"version-history":[{"count":1,"href":"https:\/\/brion.codeloper.dev\/es\/wp-json\/wp\/v2\/posts\/3610\/revisions"}],"predecessor-version":[{"id":4458,"href":"https:\/\/brion.codeloper.dev\/es\/wp-json\/wp\/v2\/posts\/3610\/revisions\/4458"}],"wp:featuredmedia":[{"embeddable":true,"href":"https:\/\/brion.codeloper.dev\/es\/wp-json\/wp\/v2\/media\/3609"}],"wp:attachment":[{"href":"https:\/\/brion.codeloper.dev\/es\/wp-json\/wp\/v2\/media?parent=3610"}],"wp:term":[{"taxonomy":"category","embeddable":true,"href":"https:\/\/brion.codeloper.dev\/es\/wp-json\/wp\/v2\/categories?post=3610"},{"taxonomy":"post_tag","embeddable":true,"href":"https:\/\/brion.codeloper.dev\/es\/wp-json\/wp\/v2\/tags?post=3610"}],"curies":[{"name":"wp","href":"https:\/\/api.w.org\/{rel}","templated":true}]}}