{"id":3595,"date":"2025-03-22T09:00:00","date_gmt":"2025-03-22T09:00:00","guid":{"rendered":"https:\/\/brion.codeloper.dev\/presentacion-da-x-andaina-terras-de-altamira\/"},"modified":"2026-04-07T15:10:56","modified_gmt":"2026-04-07T15:10:56","slug":"presentacion-da-x-andaina-terras-de-altamira","status":"publish","type":"post","link":"https:\/\/brion.codeloper.dev\/es\/presentacion-da-x-andaina-terras-de-altamira\/","title":{"rendered":"PRESENTACI\u00d3N DA X ANDAINA TERRAS DE ALTAMIRA"},"content":{"rendered":"<h3><strong>Por motivos organizativos v\u00e9monos na obriga de retrasar o evento ata as 20:30h.<\/strong><\/h3>\n<p>A d\u00e9cima edici\u00f3n da Andaina Terras de Altamira vai ser presentada nunha gala que se celebrar\u00e1 o vindeiro <strong>s\u00e1bado d\u00eda 22 de marzo as 20h. 20:30h. no Centro Social Polivalente do Concello de Bri\u00f3n<\/strong>. Este evento estar\u00e1 conducido por Diego Via\u00f1o, reco\u00f1ecido meteor\u00f3logo da TVG, e na que tam\u00e9n estar\u00e1n presentes Pablo Lago, Alcalde de Bri\u00f3n; Javier Rico, delegado do reitor da USC para o Deporte e para a Igualdade; membros da Asociaci\u00f3n O Esqu\u00edo No Pi\u00f1eiro e diversas autoridades da Federaci\u00f3n Galega de Monta\u00f1ismo.<\/p>\n<p>Nesta gala explicaranse os pormenores da proba, falarase das novidades do percorrido para este ano 2025 e tam\u00e9n contaremos co <strong>monologo \u00abXa que o sabes, voucho contar (e cantar) de FEDERICO P\u00c9REZ<\/strong>, reco\u00f1ecido actor e humorista galego con papeis en series como Padre Casares, Air Galicia, La Casa de Papel&#8230; e galardoado nos premios Mestre Mateo do ano 2023 como mellor actor de reparto pola pel\u00edcula O Corpo Aberto.<\/p>\n<p>Para asistir a esta presentaci\u00f3n ser\u00e1 necesario retirar invitaci\u00f3ns na web billeteria.concellodebrion.gal<\/p>\n","protected":false},"excerpt":{"rendered":"<p>Por motivos organizativos v\u00e9monos na obriga de retrasar o evento ata as 20:30h. A d\u00e9cima edici\u00f3n da Andaina Terras de Altamira vai ser presentada nunha gala que se celebrar\u00e1 o vindeiro s\u00e1bado d\u00eda 22 de marzo as 20h. 20:30h. no Centro Social Polivalente do Concello de Bri\u00f3n. Este evento estar\u00e1 conducido por Diego Via\u00f1o, reco\u00f1ecido [&hellip;]<\/p>\n","protected":false},"author":1,"featured_media":3593,"comment_status":"open","ping_status":"open","sticky":false,"template":"","format":"standard","meta":{"_start_date":"2025-03-22","_end_date":"2025-03-22","_formatted_date":"22 de marzo de 2025","_start_time":"20:30h.","_end_time":"","_extra_info":"Centro Social Polivalente","_acta_year":"","_acta_date":"","_post_attachments":[{"id":3594,"name":"Cartel Presentaci\u00f3n X Andaina Terras de Altamira.pdf","modifications":[]}]},"categories":[8],"tags":[],"class_list":["post-3595","post","type-post","status-publish","format-standard","has-post-thumbnail","hentry","category-deportes"],"categories_data":[{"id":8,"name":"Deportes","slug":"deportes"}],"_links":{"self":[{"href":"https:\/\/brion.codeloper.dev\/es\/wp-json\/wp\/v2\/posts\/3595","targetHints":{"allow":["GET"]}}],"collection":[{"href":"https:\/\/brion.codeloper.dev\/es\/wp-json\/wp\/v2\/posts"}],"about":[{"href":"https:\/\/brion.codeloper.dev\/es\/wp-json\/wp\/v2\/types\/post"}],"author":[{"embeddable":true,"href":"https:\/\/brion.codeloper.dev\/es\/wp-json\/wp\/v2\/users\/1"}],"replies":[{"embeddable":true,"href":"https:\/\/brion.codeloper.dev\/es\/wp-json\/wp\/v2\/comments?post=3595"}],"version-history":[{"count":1,"href":"https:\/\/brion.codeloper.dev\/es\/wp-json\/wp\/v2\/posts\/3595\/revisions"}],"predecessor-version":[{"id":4452,"href":"https:\/\/brion.codeloper.dev\/es\/wp-json\/wp\/v2\/posts\/3595\/revisions\/4452"}],"wp:featuredmedia":[{"embeddable":true,"href":"https:\/\/brion.codeloper.dev\/es\/wp-json\/wp\/v2\/media\/3593"}],"wp:attachment":[{"href":"https:\/\/brion.codeloper.dev\/es\/wp-json\/wp\/v2\/media?parent=3595"}],"wp:term":[{"taxonomy":"category","embeddable":true,"href":"https:\/\/brion.codeloper.dev\/es\/wp-json\/wp\/v2\/categories?post=3595"},{"taxonomy":"post_tag","embeddable":true,"href":"https:\/\/brion.codeloper.dev\/es\/wp-json\/wp\/v2\/tags?post=3595"}],"curies":[{"name":"wp","href":"https:\/\/api.w.org\/{rel}","templated":true}]}}