{"id":3563,"date":"2024-12-19T09:00:00","date_gmt":"2024-12-19T09:00:00","guid":{"rendered":"https:\/\/brion.codeloper.dev\/apalpadora-visita-brion-polo-nadal\/"},"modified":"2026-04-07T15:10:54","modified_gmt":"2026-04-07T15:10:54","slug":"apalpadora-visita-brion-polo-nadal","status":"publish","type":"post","link":"https:\/\/brion.codeloper.dev\/es\/apalpadora-visita-brion-polo-nadal\/","title":{"rendered":"A APALPADORA VISITA BRI\u00d3N POLO NADAL"},"content":{"rendered":"<p>Este Nadal, vai visitar Bri\u00f3n a <strong>Apalpadora<\/strong>. Dende as monta\u00f1as orientais da nosa terra chega a filla do lendario Apalpador, que recolle a testemu\u00f1a do seu pai e baixa nesas datas tan especiais para visitar aos nenos e nenas do concello.<\/p>\n<p>Espect\u00e1culo de narraci\u00f3n oral (con m\u00fasica) | P\u00fablico familiar. Recomendado para crianzas de 4 a 10 anos de idade.<\/p>\n<p><strong>DATA: <\/strong>xoves, 19 de decembro<br \/><strong>HORA: <\/strong>18:00 h.<br \/><strong>LUGAR DE CELEBRACI\u00d3N:<\/strong> Sala Municipal de Exposici\u00f3ns (Casa da Cultura)<\/p>\n<p>A entrada \u00e9 libre ata completar a capacidade do local. <a href=\"https:\/\/bibliotecadebrion.blogspot.com\/2024\/11\/a-apalpadora-vai-visitar-brion-polo.html\">M\u00e1is informaci\u00f3n e reserva de localidades<\/a>.<\/p>\n<p>Actividade organizada pola biblioteca municipal de Bri\u00f3n.<\/p>\n","protected":false},"excerpt":{"rendered":"<p>Este Nadal, vai visitar Bri\u00f3n a Apalpadora. Dende as monta\u00f1as orientais da nosa terra chega a filla do lendario Apalpador, que recolle a testemu\u00f1a do seu pai e baixa nesas datas tan especiais para visitar aos nenos e nenas do concello. Espect\u00e1culo de narraci\u00f3n oral (con m\u00fasica) | P\u00fablico familiar. Recomendado para crianzas de 4 [&hellip;]<\/p>\n","protected":false},"author":1,"featured_media":3562,"comment_status":"open","ping_status":"open","sticky":false,"template":"","format":"standard","meta":{"_start_date":"2024-12-19","_end_date":"2024-12-19","_formatted_date":"19 de decembro de 2024","_start_time":"18:00 h.","_end_time":"","_extra_info":"Sala Municipal de Exposici\u00f3ns (Casa da Cultura)","_acta_year":"","_acta_date":"","_post_attachments":[]},"categories":[6],"tags":[],"class_list":["post-3563","post","type-post","status-publish","format-standard","has-post-thumbnail","hentry","category-cultura"],"categories_data":[{"id":6,"name":"Cultura","slug":"cultura"}],"_links":{"self":[{"href":"https:\/\/brion.codeloper.dev\/es\/wp-json\/wp\/v2\/posts\/3563","targetHints":{"allow":["GET"]}}],"collection":[{"href":"https:\/\/brion.codeloper.dev\/es\/wp-json\/wp\/v2\/posts"}],"about":[{"href":"https:\/\/brion.codeloper.dev\/es\/wp-json\/wp\/v2\/types\/post"}],"author":[{"embeddable":true,"href":"https:\/\/brion.codeloper.dev\/es\/wp-json\/wp\/v2\/users\/1"}],"replies":[{"embeddable":true,"href":"https:\/\/brion.codeloper.dev\/es\/wp-json\/wp\/v2\/comments?post=3563"}],"version-history":[{"count":1,"href":"https:\/\/brion.codeloper.dev\/es\/wp-json\/wp\/v2\/posts\/3563\/revisions"}],"predecessor-version":[{"id":4444,"href":"https:\/\/brion.codeloper.dev\/es\/wp-json\/wp\/v2\/posts\/3563\/revisions\/4444"}],"wp:featuredmedia":[{"embeddable":true,"href":"https:\/\/brion.codeloper.dev\/es\/wp-json\/wp\/v2\/media\/3562"}],"wp:attachment":[{"href":"https:\/\/brion.codeloper.dev\/es\/wp-json\/wp\/v2\/media?parent=3563"}],"wp:term":[{"taxonomy":"category","embeddable":true,"href":"https:\/\/brion.codeloper.dev\/es\/wp-json\/wp\/v2\/categories?post=3563"},{"taxonomy":"post_tag","embeddable":true,"href":"https:\/\/brion.codeloper.dev\/es\/wp-json\/wp\/v2\/tags?post=3563"}],"curies":[{"name":"wp","href":"https:\/\/api.w.org\/{rel}","templated":true}]}}