{"id":3550,"date":"2025-05-02T09:00:00","date_gmt":"2025-05-02T09:00:00","guid":{"rendered":"https:\/\/brion.codeloper.dev\/maio-cultural-letras-galegas-2025-editado\/"},"modified":"2026-04-07T15:10:53","modified_gmt":"2026-04-07T15:10:53","slug":"maio-cultural-letras-galegas-2025-editado","status":"publish","type":"post","link":"https:\/\/brion.codeloper.dev\/es\/maio-cultural-letras-galegas-2025-editado\/","title":{"rendered":"MAIO CULTURAL &#8211; LETRAS GALEGAS 2025 [EDITADO]"},"content":{"rendered":"<p>En maio, Bri\u00f3n celebra o mes das nosas Letras cunha programaci\u00f3n cultural especial que se desenvolver\u00e1 arredor do D\u00eda da Letras Galegas, que este ano estar\u00e1 dedicado \u00e1 poes\u00eda popular oral e \u00e1s cantareiras.<\/p>\n<h4>PROGRAMA DE ACTIVIDADES<\/h4>\n<p><strong>|D\u00cdA 9 DE MAIO|<\/strong><br \/>\nBri\u00f3n, unha historia que contar: Cantares, poes\u00eda oral, tradici\u00f3n&#8230;<br \/>\n20 h. | Sala Municial de Exposici\u00f3ns<\/p>\n<p><strong>|D\u00cdA 10 DE MAIO|<\/strong><br \/>\nHomenaxe \u00e1s nosas cantareiras<br \/>\n12 h. | Adro Igrexa de Os \u00c1nxeles<\/p>\n<p><strong>|D\u00cdA 16 DE MAIO|<\/strong><br \/>\nEntrega do <strong>VII Premio Laudamuco<\/strong> a Julio Fern\u00e1ndez e Alberto de Casso<br \/>\n20 h. | Sala Municipal de Exposici\u00f3ns<\/p>\n<p><strong>|D\u00cdA 17 DE MAIO|<\/strong><br \/>Banda de M\u00fasica Municipal de Bri\u00f3n <em>\u201cConcerto das Letras Galegas\u201d<\/em><br \/>\n12 h. | Centro Social Polivalente<\/p>\n<p><strong>|D\u00cdA 21 DE MAIO|<\/strong><br \/>Raquel Queiz\u00e1s <em>\u201cRaposadas\u201d<\/em><br \/>\nPara alumnado da EEI de Os \u00c1nxeles<\/p>\n<p><strong>|D\u00cdAS 21, 23 E 26 DE MAIO|<\/strong><br \/><em>A poes\u00eda popular oral<\/em> por Ana Fern\u00e1ndez<br \/>\nAlumnado CEIP Pedrouzos<\/p>\n<p><strong>|D\u00cdAS 23 E 24 DE MAIO|<\/strong><br \/><strong>Mostra de Teatro Escolar Em-Bri\u00f3n<\/strong><br \/>\nD\u00eda 23: Teatro das Maniotas IES de Bri\u00f3n<br \/>\nD\u00eda 24: Escola de Teatro P\u00e1bulo de Santiago<br \/>\n20 h. | Centro Social Polivalente<\/p>\n<p><strong>|D\u00cdA 24 DE MAIO|<\/strong><br \/>\nAndaina Terras de Altamira Bri\u00f3n<\/p>\n<p><strong>|D\u00cdA 26 DE MAIO|<\/strong><br \/><em>\u201cAx\u00fadame a cantar\u201d<\/em> Con Felisa Segade e Montse Rivera<br \/>\nPara alumnado do IES de Bri\u00f3n<br \/>\n12 h. | Centro Social Polivalente<\/p>\n<p><strong>|D\u00cdA 27 DE MAIO|<\/strong><br \/>A Xanela do Max\u00edn <em>\u201cDende Rosal\u00eda ata as Cantareiras\u201d<\/em><br \/>\nPara alumnado da EEI de Sabax\u00e1ns<\/p>\n<p><strong>|D\u00cdAS 30, 31 DE MAIO E 1 DE XU\u00d1O|<\/strong><br \/><strong>Mostra de Teatro Escolar Em-Bri\u00f3n<\/strong><br \/>\nD\u00eda 30: Tu\u00e9jele Teatro do IES Fernando Blanco de Cee. Pola ma\u00f1a para alumnado do IES de Bri\u00f3n<br \/>\nD\u00eda 31: Aula de Teatro Concello de Outes<br \/>\nD\u00eda 1 de xu\u00f1o: Aula de Teatro do IES de Cacheiras<br \/>\n20 h. | Centro Social Polivalente<\/p>\n<p><strong>|D\u00cdA 5 DE XU\u00d1O|<\/strong><br \/>\nPresentaci\u00f3n do libro<em> \u201cFremosas: cantigas de amigo e de amor\u201d<\/em><br \/>\nde <strong>Barah\u00fanda<\/strong>. Ed. Toxosoutos. Con Helena de Alfonso e Jos\u00e9 Lara Gru\u00f1eiro<br \/>\n20 h. | Sala Municipal de Exposici\u00f3ns<\/p>\n<p><strong>|D\u00cdA 6 DE XU\u00d1O|<\/strong><br \/><em>\u201cCantaruxa, Caruxa\u201d<\/em> Un contacontos de <strong>Aida Cobas<\/strong> para celebrar o Maio Cultural &#8211; Letras Galegas 2025<br \/>\nPatrocinado polo programa LER CONTA MOITO da Rede de Bibliotecas de Galicia<br \/>\n18 h. | Sala Municipal de Exposici\u00f3ns<\/p>\n","protected":false},"excerpt":{"rendered":"<p>En maio, Bri\u00f3n celebra o mes das nosas Letras cunha programaci\u00f3n cultural especial que se desenvolver\u00e1 arredor do D\u00eda da Letras Galegas, que este ano estar\u00e1 dedicado \u00e1 poes\u00eda popular oral e \u00e1s cantareiras. PROGRAMA DE ACTIVIDADES |D\u00cdA 9 DE MAIO| Bri\u00f3n, unha historia que contar: Cantares, poes\u00eda oral, tradici\u00f3n&#8230; 20 h. | Sala Municial [&hellip;]<\/p>\n","protected":false},"author":1,"featured_media":3549,"comment_status":"open","ping_status":"open","sticky":false,"template":"","format":"standard","meta":{"_start_date":"2025-05-02","_end_date":"2025-06-06","_formatted_date":"Do 2 de maio ao 6 de xu\u00f1o de 2025","_start_time":"Do 9 de maio ao 6 de xu\u00f1o de 2025","_end_time":"","_extra_info":"Concello de Bri\u00f3n","_acta_year":"","_acta_date":"","_post_attachments":[]},"categories":[6],"tags":[],"class_list":["post-3550","post","type-post","status-publish","format-standard","has-post-thumbnail","hentry","category-cultura"],"categories_data":[{"id":6,"name":"Cultura","slug":"cultura"}],"_links":{"self":[{"href":"https:\/\/brion.codeloper.dev\/es\/wp-json\/wp\/v2\/posts\/3550","targetHints":{"allow":["GET"]}}],"collection":[{"href":"https:\/\/brion.codeloper.dev\/es\/wp-json\/wp\/v2\/posts"}],"about":[{"href":"https:\/\/brion.codeloper.dev\/es\/wp-json\/wp\/v2\/types\/post"}],"author":[{"embeddable":true,"href":"https:\/\/brion.codeloper.dev\/es\/wp-json\/wp\/v2\/users\/1"}],"replies":[{"embeddable":true,"href":"https:\/\/brion.codeloper.dev\/es\/wp-json\/wp\/v2\/comments?post=3550"}],"version-history":[{"count":1,"href":"https:\/\/brion.codeloper.dev\/es\/wp-json\/wp\/v2\/posts\/3550\/revisions"}],"predecessor-version":[{"id":4439,"href":"https:\/\/brion.codeloper.dev\/es\/wp-json\/wp\/v2\/posts\/3550\/revisions\/4439"}],"wp:featuredmedia":[{"embeddable":true,"href":"https:\/\/brion.codeloper.dev\/es\/wp-json\/wp\/v2\/media\/3549"}],"wp:attachment":[{"href":"https:\/\/brion.codeloper.dev\/es\/wp-json\/wp\/v2\/media?parent=3550"}],"wp:term":[{"taxonomy":"category","embeddable":true,"href":"https:\/\/brion.codeloper.dev\/es\/wp-json\/wp\/v2\/categories?post=3550"},{"taxonomy":"post_tag","embeddable":true,"href":"https:\/\/brion.codeloper.dev\/es\/wp-json\/wp\/v2\/tags?post=3550"}],"curies":[{"name":"wp","href":"https:\/\/api.w.org\/{rel}","templated":true}]}}