{"id":3511,"date":"2025-06-20T09:00:00","date_gmt":"2025-06-20T09:00:00","guid":{"rendered":"https:\/\/brion.codeloper.dev\/presentacion-en-brion-do-libro-toponiamia-dos-celtas-brigantinos-e-doutros-pobos-da-gallaecia-de\/"},"modified":"2026-04-14T05:05:01","modified_gmt":"2026-04-14T05:05:01","slug":"presentacion-en-brion-do-libro-toponiamia-dos-celtas-brigantinos-e-doutros-pobos-da-gallaecia-de","status":"publish","type":"post","link":"https:\/\/brion.codeloper.dev\/es\/presentacion-en-brion-do-libro-toponiamia-dos-celtas-brigantinos-e-doutros-pobos-da-gallaecia-de\/","title":{"rendered":"PRESENTACI\u00d3N EN BRI\u00d3N DO LIBRO A TOPON\u00cdAMIA DOS CELTAS BRIGANTINOS E DOUTROS POBOS DA GALLAECIA DE FERNANDO CABEZA QUILES"},"content":{"rendered":"<p>O profesor <strong>Fernando Cabeza Quiles<\/strong>, figura fundamental na cultura do noso tempo, reco\u00f1ecida internacionalmente pola s\u00faa investigaci\u00f3n topon\u00edmica, presenta unha obra de investigaci\u00f3n predominantemente filol\u00f3xica, desentra\u00f1a os arcanos da toponimia m\u00e1is antiga e escura dos \u00abbrigantinos\u00bb, sen esquecer as pegadas topon\u00edmicas deixadas por outros pobos celtas que viviron e laboraron na antiga Gallaecia.<\/p>\n<p>Un libro publicado pola editorial Espiral Maior (Colecci\u00f3n Baldaio)<\/p>\n<p><strong>DATA:<\/strong> venres 20 de xu\u00f1o de 2025<br \/><strong>HORA: <\/strong>20:00 h.<br \/><strong>LUGAR:<\/strong> Sala Municipal de Exposici\u00f3ns (Casa da Cultura)<\/p>\n<p>Entrada libre ata completar a capacidade da sala.<\/p>\n<p>M\u00e1is informaci\u00f3n no <a href=\"https:\/\/bibliotecadebrion.blogspot.com\/2025\/06\/presentacion-en-brion-do-libro.html\">blog da biblioteca<\/a><\/p>\n","protected":false},"excerpt":{"rendered":"<p>O profesor Fernando Cabeza Quiles, figura fundamental na cultura do noso tempo, reco\u00f1ecida internacionalmente pola s\u00faa investigaci\u00f3n topon\u00edmica, presenta unha obra de investigaci\u00f3n predominantemente filol\u00f3xica, desentra\u00f1a os arcanos da toponimia m\u00e1is antiga e escura dos \u00abbrigantinos\u00bb, sen esquecer as pegadas topon\u00edmicas deixadas por outros pobos celtas que viviron e laboraron na antiga Gallaecia. Un libro [&hellip;]<\/p>\n","protected":false},"author":1,"featured_media":6839,"comment_status":"open","ping_status":"open","sticky":false,"template":"","format":"standard","meta":{"_start_date":"2025-06-20","_end_date":"2025-06-20","_formatted_date":"20 de xu\u00f1o de 2025","_start_time":"20:00 h.","_end_time":"","_extra_info":"Sala Municipal de Exposici\u00f3ns (Casa da Cultura), Carballeira de Sta. Minia n\u00ba 5, Pedrouzos-Bri\u00f3n","_acta_year":"","_acta_date":"","_post_attachments":[]},"categories":[6],"tags":[],"class_list":["post-3511","post","type-post","status-publish","format-standard","has-post-thumbnail","hentry","category-cultura"],"categories_data":[{"id":6,"name":"Cultura","slug":"cultura"}],"_links":{"self":[{"href":"https:\/\/brion.codeloper.dev\/es\/wp-json\/wp\/v2\/posts\/3511","targetHints":{"allow":["GET"]}}],"collection":[{"href":"https:\/\/brion.codeloper.dev\/es\/wp-json\/wp\/v2\/posts"}],"about":[{"href":"https:\/\/brion.codeloper.dev\/es\/wp-json\/wp\/v2\/types\/post"}],"author":[{"embeddable":true,"href":"https:\/\/brion.codeloper.dev\/es\/wp-json\/wp\/v2\/users\/1"}],"replies":[{"embeddable":true,"href":"https:\/\/brion.codeloper.dev\/es\/wp-json\/wp\/v2\/comments?post=3511"}],"version-history":[{"count":1,"href":"https:\/\/brion.codeloper.dev\/es\/wp-json\/wp\/v2\/posts\/3511\/revisions"}],"predecessor-version":[{"id":4426,"href":"https:\/\/brion.codeloper.dev\/es\/wp-json\/wp\/v2\/posts\/3511\/revisions\/4426"}],"wp:featuredmedia":[{"embeddable":true,"href":"https:\/\/brion.codeloper.dev\/es\/wp-json\/wp\/v2\/media\/6839"}],"wp:attachment":[{"href":"https:\/\/brion.codeloper.dev\/es\/wp-json\/wp\/v2\/media?parent=3511"}],"wp:term":[{"taxonomy":"category","embeddable":true,"href":"https:\/\/brion.codeloper.dev\/es\/wp-json\/wp\/v2\/categories?post=3511"},{"taxonomy":"post_tag","embeddable":true,"href":"https:\/\/brion.codeloper.dev\/es\/wp-json\/wp\/v2\/tags?post=3511"}],"curies":[{"name":"wp","href":"https:\/\/api.w.org\/{rel}","templated":true}]}}