{"id":3492,"date":"2025-07-02T09:00:00","date_gmt":"2025-07-02T09:00:00","guid":{"rendered":"https:\/\/brion.codeloper.dev\/contos-de-aqui-para-ti-con-olga-abad-e-carmen-domech\/"},"modified":"2026-04-07T15:10:47","modified_gmt":"2026-04-07T15:10:47","slug":"contos-de-aqui-para-ti-con-olga-abad-e-carmen-domech","status":"publish","type":"post","link":"https:\/\/brion.codeloper.dev\/es\/contos-de-aqui-para-ti-con-olga-abad-e-carmen-domech\/","title":{"rendered":"\u00abCONTOS DE AQU\u00cd PARA TI\u00bb CON OLGA ABAD E CARMEN DOMECH"},"content":{"rendered":"<p>A Biblioteca P\u00fablica Municipal prop\u00f3n unha actividade l\u00fadica dirixida ao p\u00fablico familiar coa que dar a benvida ao ver\u00e1n e as tan desexadas vacaci\u00f3ns escolares:<\/p>\n<p><em><strong>\u201cContos de aqu\u00ed para ti\u201d<\/strong><\/em>, a cargo de <strong>Olga Abad <\/strong>e<strong> Carmen Domech<\/strong>.<\/p>\n<p><strong>DATA:<\/strong> 2 de xullo<br \/><strong>HORA: <\/strong>12:00 h.<br \/><strong>LUGAR DE CELEBRACI\u00d3N:<\/strong> Patio do CEIP de Pedrouzos (Bri\u00f3n)<\/p>\n<p><strong>SINOPSE:\u00a0<\/strong><\/p>\n<p>A obra pres\u00e9ntanos d\u00faas pedras como protagonistas, situadas no principio dos tempos, nun espazo no que todo est\u00e1 por crear. A trav\u00e9s desta historia, introd\u00facense valores como a paz, a igualdade e a alegr\u00eda, convidando a reflexionar de forma l\u00fadica e creativa<\/p>\n<p>P\u00fablico familiar (dende os 4 anos) | Narraci\u00f3n oral e teatro de monicreques<\/p>\n<p>Entrada de balde. <a href=\"https:\/\/bibliotecadebrion.blogspot.com\/2025\/06\/contos-de-aqui-para-ti-unha-actividade.html\">M\u00e1is informaci\u00f3n e reserva de localidades<\/a>.<\/p>\n<p>Actividade co patrocinio do programa <strong>Ler conta Moito<\/strong> da Rede de Bibliotecas de Galicia.<\/p>\n","protected":false},"excerpt":{"rendered":"<p>A Biblioteca P\u00fablica Municipal prop\u00f3n unha actividade l\u00fadica dirixida ao p\u00fablico familiar coa que dar a benvida ao ver\u00e1n e as tan desexadas vacaci\u00f3ns escolares: \u201cContos de aqu\u00ed para ti\u201d, a cargo de Olga Abad e Carmen Domech. DATA: 2 de xulloHORA: 12:00 h.LUGAR DE CELEBRACI\u00d3N: Patio do CEIP de Pedrouzos (Bri\u00f3n) SINOPSE:\u00a0 A obra [&hellip;]<\/p>\n","protected":false},"author":1,"featured_media":3491,"comment_status":"open","ping_status":"open","sticky":false,"template":"","format":"standard","meta":{"_start_date":"2025-07-02","_end_date":"2025-07-02","_formatted_date":"2 de xullo de 2025","_start_time":"12:00 h.","_end_time":"","_extra_info":"Pario do CEIP de Pedrouzos (Bi\u00f3n)","_acta_year":"","_acta_date":"","_post_attachments":[]},"categories":[6],"tags":[],"class_list":["post-3492","post","type-post","status-publish","format-standard","has-post-thumbnail","hentry","category-cultura"],"categories_data":[{"id":6,"name":"Cultura","slug":"cultura"}],"_links":{"self":[{"href":"https:\/\/brion.codeloper.dev\/es\/wp-json\/wp\/v2\/posts\/3492","targetHints":{"allow":["GET"]}}],"collection":[{"href":"https:\/\/brion.codeloper.dev\/es\/wp-json\/wp\/v2\/posts"}],"about":[{"href":"https:\/\/brion.codeloper.dev\/es\/wp-json\/wp\/v2\/types\/post"}],"author":[{"embeddable":true,"href":"https:\/\/brion.codeloper.dev\/es\/wp-json\/wp\/v2\/users\/1"}],"replies":[{"embeddable":true,"href":"https:\/\/brion.codeloper.dev\/es\/wp-json\/wp\/v2\/comments?post=3492"}],"version-history":[{"count":1,"href":"https:\/\/brion.codeloper.dev\/es\/wp-json\/wp\/v2\/posts\/3492\/revisions"}],"predecessor-version":[{"id":4422,"href":"https:\/\/brion.codeloper.dev\/es\/wp-json\/wp\/v2\/posts\/3492\/revisions\/4422"}],"wp:featuredmedia":[{"embeddable":true,"href":"https:\/\/brion.codeloper.dev\/es\/wp-json\/wp\/v2\/media\/3491"}],"wp:attachment":[{"href":"https:\/\/brion.codeloper.dev\/es\/wp-json\/wp\/v2\/media?parent=3492"}],"wp:term":[{"taxonomy":"category","embeddable":true,"href":"https:\/\/brion.codeloper.dev\/es\/wp-json\/wp\/v2\/categories?post=3492"},{"taxonomy":"post_tag","embeddable":true,"href":"https:\/\/brion.codeloper.dev\/es\/wp-json\/wp\/v2\/tags?post=3492"}],"curies":[{"name":"wp","href":"https:\/\/api.w.org\/{rel}","templated":true}]}}