{"id":3426,"date":"2025-09-21T09:00:00","date_gmt":"2025-09-21T09:00:00","guid":{"rendered":"https:\/\/brion.codeloper.dev\/altamira-brilla-2025-batalla-de-altamira\/"},"modified":"2026-04-07T15:10:39","modified_gmt":"2026-04-07T15:10:39","slug":"altamira-brilla-2025-batalla-de-altamira","status":"publish","type":"post","link":"https:\/\/brion.codeloper.dev\/es\/altamira-brilla-2025-batalla-de-altamira\/","title":{"rendered":"ALTAMIRA BRILLA 2025 (Batalla de Altamira)"},"content":{"rendered":"<p>Despois do adiamento do mes de xu\u00f1o por mor da meteorolox\u00eda adversa, regresa a programaci\u00f3n de actividades da cuarta edici\u00f3n de <strong>ALTAMIRA BRILLA<\/strong><\/p>\n<p>As actividades que non se puideron realizar en xu\u00f1o, celebraranse o domingo 21 de setembro. Tam\u00e9n se celebrar\u00e1 unha segunda representaci\u00f3n teatral da \u201cBatalla de Altamira\u201d o domingo 5 de outubro.<\/p>\n<h4>PROGRAMA<\/h4>\n<h5>Domingo, 21 de setembro<\/h5>\n<ul>\n<li>12:30 h. Representaci\u00f3n teatral <em>\u201cA Batalla de Altamira\u201d <\/em>a cargo de <strong>Os Quinquill\u00e1ns<\/strong>.<\/li>\n<li>20:00 h. Actuaci\u00f3n do <strong>Grupo de Pandereteiras da Costaneira de Ames<\/strong><\/li>\n<li>20:30 h. Actuaci\u00f3n do <strong>Grupo de Pandereteiras de Bri\u00f3n<\/strong><\/li>\n<li>21:00 h. Concerto do grupo<strong> Carmela<\/strong><\/li>\n<\/ul>\n<h5>Domingo, 5 de outubro<\/h5>\n<ul>\n<li>12:30 h. Representaci\u00f3n teatral \u201c<em>A Batalla de Altamira\u201d<\/em> a cargo de <strong>Os Quinquill\u00e1ns<\/strong>.<\/li>\n<\/ul>\n<p>\u00a0<\/p>\n<p><strong>Lugar de celebraci\u00f3n:<\/strong> Torres de Altamira (Bri\u00f3n).<\/p>\n<p><strong>Acceso libre <\/strong>ata completar a capacidade do espazo.<\/p>\n","protected":false},"excerpt":{"rendered":"<p>Despois do adiamento do mes de xu\u00f1o por mor da meteorolox\u00eda adversa, regresa a programaci\u00f3n de actividades da cuarta edici\u00f3n de ALTAMIRA BRILLA As actividades que non se puideron realizar en xu\u00f1o, celebraranse o domingo 21 de setembro. Tam\u00e9n se celebrar\u00e1 unha segunda representaci\u00f3n teatral da \u201cBatalla de Altamira\u201d o domingo 5 de outubro. PROGRAMA [&hellip;]<\/p>\n","protected":false},"author":1,"featured_media":3425,"comment_status":"open","ping_status":"open","sticky":false,"template":"","format":"standard","meta":{"_start_date":"2025-09-21","_end_date":"2025-10-05","_formatted_date":"Do 21 de setembro ao 5 de outubro de 2025","_start_time":"D\u00eda 21 de setembro e 5 de outubro","_end_time":"","_extra_info":"Lugar de A Torre, Bri\u00f3n (Torres de Altamira)","_acta_year":"","_acta_date":"","_post_attachments":[]},"categories":[6],"tags":[],"class_list":["post-3426","post","type-post","status-publish","format-standard","has-post-thumbnail","hentry","category-cultura"],"categories_data":[{"id":6,"name":"Cultura","slug":"cultura"}],"_links":{"self":[{"href":"https:\/\/brion.codeloper.dev\/es\/wp-json\/wp\/v2\/posts\/3426","targetHints":{"allow":["GET"]}}],"collection":[{"href":"https:\/\/brion.codeloper.dev\/es\/wp-json\/wp\/v2\/posts"}],"about":[{"href":"https:\/\/brion.codeloper.dev\/es\/wp-json\/wp\/v2\/types\/post"}],"author":[{"embeddable":true,"href":"https:\/\/brion.codeloper.dev\/es\/wp-json\/wp\/v2\/users\/1"}],"replies":[{"embeddable":true,"href":"https:\/\/brion.codeloper.dev\/es\/wp-json\/wp\/v2\/comments?post=3426"}],"version-history":[{"count":1,"href":"https:\/\/brion.codeloper.dev\/es\/wp-json\/wp\/v2\/posts\/3426\/revisions"}],"predecessor-version":[{"id":4396,"href":"https:\/\/brion.codeloper.dev\/es\/wp-json\/wp\/v2\/posts\/3426\/revisions\/4396"}],"wp:featuredmedia":[{"embeddable":true,"href":"https:\/\/brion.codeloper.dev\/es\/wp-json\/wp\/v2\/media\/3425"}],"wp:attachment":[{"href":"https:\/\/brion.codeloper.dev\/es\/wp-json\/wp\/v2\/media?parent=3426"}],"wp:term":[{"taxonomy":"category","embeddable":true,"href":"https:\/\/brion.codeloper.dev\/es\/wp-json\/wp\/v2\/categories?post=3426"},{"taxonomy":"post_tag","embeddable":true,"href":"https:\/\/brion.codeloper.dev\/es\/wp-json\/wp\/v2\/tags?post=3426"}],"curies":[{"name":"wp","href":"https:\/\/api.w.org\/{rel}","templated":true}]}}