{"id":3419,"date":"2025-10-02T09:00:00","date_gmt":"2025-10-02T09:00:00","guid":{"rendered":"https:\/\/brion.codeloper.dev\/outono-cultural-2025\/"},"modified":"2026-04-07T15:10:38","modified_gmt":"2026-04-07T15:10:38","slug":"outono-cultural-2025","status":"publish","type":"post","link":"https:\/\/brion.codeloper.dev\/es\/outono-cultural-2025\/","title":{"rendered":"OUTONO CULTURAL 2025"},"content":{"rendered":"<p>Presentamos a programaci\u00f3n do \u00abOutono Cultural 2025\u00bb do Concello de Bri\u00f3n para os meses de outubro, novembro e decembro.<\/p>\n<p><em><strong>OUTUBRO<\/strong><\/em><\/p>\n<p><strong>Xoves 2 <\/strong>\u00b7 Presentaci\u00f3n do libro<br \/>\n1140 \u00b7 De Mar\u00eda Jos\u00e9 Tard\u00e1guila<br \/>\n20:00 h. \u00b7 Sala Municipal de Exposici\u00f3ns<\/p>\n<p><strong>Venres 3 <\/strong>\u00b7 Teatro profesional<br \/>\nCompa\u00f1\u00eda El Vac\u00edo F\u00e9rtil: El virus de la violencia<br \/>\n20:30 h. \u00b7 Centro Social Polivalente<\/p>\n<p><strong>Venres 10 <\/strong>\u00b7 Outono das Artes<br \/>\nArraianos Documental: Prisciliano e Gallaecia<br \/>\n20:00 h. \u00b7 Sala Municipal de Exposici\u00f3ns<\/p>\n<p><strong>S\u00e1bado 11<\/strong> \u00b7 Fegateatro<br \/>\nFar\u00e1ndula Velutina: Troia, 1940<br \/>\n20:00 h. \u00b7 Centro Social Polivalente<\/p>\n<p><strong>Venres 17<\/strong> \u00b7 Teatro profesional<br \/>\nCompa\u00f1\u00eda Humana: Iphxenia na porta do s\u00faper<br \/>\n20:30 h. \u00b7 Centro Social Polivalente<\/p>\n<p><strong>S\u00e1bado 18<\/strong> \u00b7 Fegateatro<br \/>\nSen Cancelas Teatro: Un tranv\u00eda chamado desexo<br \/>\n20:00 h. \u00b7 Centro Social Polivalente<\/p>\n<p><strong>Xoves 23<\/strong> \u00b7 D\u00eda das Bibliotecas \u00b7 Teatro infantil<br \/>\nMalasombra: As peripecias de Xurxo<br \/>\n18:00 h. \u00b7 Sala Municipal de Exposici\u00f3ns<\/p>\n<p><strong>Venres 24<\/strong> \u00b7 Teatro profesional<br \/>\nMalasombra Teatro: O proceso<br \/>\n20:30 h. \u00b7 Centro Social Polivalente<\/p>\n<p><strong>S\u00e1bado 25<\/strong> \u00b7 Fegateatro<br \/>\nAsociaci\u00f3n Dramaturxica Pico do Castro: Mal di Miolo<br \/>\n20:00 h. \u00b7 Centro Social Polivalente<\/p>\n<p><strong>Venres 31<\/strong> \u00b7 Teatro profesional<br \/>\nDe Ste Xeito Produci\u00f3ns: Neura<br \/>\n20:30 h. \u00b7 Centro Social Polivalente<\/p>\n<p><em><strong>NOVEMBRO\u00a0\u00a0<\/strong><\/em><\/p>\n<p><strong>Venres 7<\/strong> \u00b7 Teatro profesional<br \/>\nSarabela Teatro: Made in Galiza<br \/>\n20:30 h. \u00b7 Centro Social Polivalente<\/p>\n<p><strong>S\u00e1bado 8 <\/strong>\u00b7 Fegateatro<br \/>\nGrupo de Teatro Badius: O parvo<br \/>\n20:00 h. \u00b7 Centro Social Polivalente<\/p>\n<p><strong>Venres 14<\/strong> \u00b7 Teatro profesional<br \/>\nTarabela Creativa: Boa sorte, mala fama<br \/>\n20:30 h. \u00b7 Centro Social Polivalente<\/p>\n<p><strong>S\u00e1bado 15<\/strong> \u00b7 Fegateatro<br \/>\nGrupo de Teatro Rueiro: Profesi\u00f3n precaria<br \/>\n20:00 h. \u00b7 Centro Social Polivalente<\/p>\n<p><strong>Venres 21 <\/strong>\u00b7 Teatro profesional<br \/>\nRedrum Teatro: Sophie non \u00e9 o meu nome de guerra<br \/>\n20:30 h. \u00b7 Centro Social Polivalente<\/p>\n<p><strong>S\u00e1bado 22 <\/strong>\u00b7 Fegateatro<br \/>\nGrupo de Teatro Fauna 113: Os veci\u00f1os do lado<br \/>\n20:00 h. \u00b7 Centro Social Polivalente<\/p>\n<p><strong>Venres 28<\/strong> \u00b7 Magosto<br \/>\nA partires das 19:00 h. \u00b7 Praza das Polbeiras<\/p>\n<p><strong>S\u00e1bado 29<\/strong> \u00b7 Fegateatro \u00b7 Microteatro<br \/>\nTeatro de C\u00e1mara Ditea: As mulleres soas<br \/>\nTeatro das Aras: Unha habitaci\u00f3n con vistas<br \/>\nTeatro de C\u00e1mara Ditea: Petici\u00f3n de man<br \/>\n20:00 h. \u00b7 Centro Social Polivalente<\/p>\n<p><em><strong>DECEMBRO\u00a0\u00a0<\/strong><\/em><\/p>\n<p><strong>Venres 12 <\/strong>\u00b7 Teatro profesional\u00a0\u00a0<br \/>\nSerea Teatro: \u00c1 luz do d\u00eda, nalg\u00fan lugar do mundo, a algunha muller<br \/>\n20:30 h. \u00b7 Centro Social Polivalente<\/p>\n<p><strong>S\u00e1bado 20 <\/strong>\u00b7 Espect\u00e1culo de Maxia<br \/>\nco ilusionista Cayetano LLed\u00f3<br \/>\n18:00 h. \u00b7 Centro Social Polivalente<\/p>\n<p><strong>RESERVA GRATU\u00cdTA DE LOCALIDADES S\u00d3 PARA A PROGRAMACI\u00d3N DE TEATRO PROFESIONAL<\/strong>: <em><a href=\"https:\/\/bandoticket.com\/organizers\/concello-de-brion\">billeteira.concellodebrion.gal<\/a><\/em><br \/>\nO RESTO DA ACTIVIDADES SER\u00c1N DE ACCESO LIBRE ATA COMPLETAR A CAPACIDADE DO LOCAL<\/p>\n<p>Programaci\u00f3n organizada polo Concello de Bri\u00f3n co apoio da Rede Cultural 2025 da Deputaci\u00f3n da Coru\u00f1a e do programa \u00abLer conta moito\u00bb de dinamizaci\u00f3n da lectura nas bibliotecas p\u00fablicas promovido pola Xunta de Galicia.<\/p>\n<p><strong>M\u00e1is informaci\u00f3n<\/strong> na Casa da Cultura de Bri\u00f3n. Tfno. 981 50 99 08<\/p>\n","protected":false},"excerpt":{"rendered":"<p>Presentamos a programaci\u00f3n do \u00abOutono Cultural 2025\u00bb do Concello de Bri\u00f3n para os meses de outubro, novembro e decembro. OUTUBRO Xoves 2 \u00b7 Presentaci\u00f3n do libro 1140 \u00b7 De Mar\u00eda Jos\u00e9 Tard\u00e1guila 20:00 h. \u00b7 Sala Municipal de Exposici\u00f3ns Venres 3 \u00b7 Teatro profesional Compa\u00f1\u00eda El Vac\u00edo F\u00e9rtil: El virus de la violencia 20:30 h. [&hellip;]<\/p>\n","protected":false},"author":1,"featured_media":3417,"comment_status":"open","ping_status":"open","sticky":false,"template":"","format":"standard","meta":{"_start_date":"2025-10-02","_end_date":"2025-12-20","_formatted_date":"Do 2 de outubro ao 20 de decembro de 2025","_start_time":"","_end_time":"","_extra_info":"","_acta_year":"","_acta_date":"","_post_attachments":[{"id":3418,"name":"Cartel Outono Cultura 2025_1.pdf","modifications":[]}]},"categories":[6],"tags":[],"class_list":["post-3419","post","type-post","status-publish","format-standard","has-post-thumbnail","hentry","category-cultura"],"categories_data":[{"id":6,"name":"Cultura","slug":"cultura"}],"_links":{"self":[{"href":"https:\/\/brion.codeloper.dev\/es\/wp-json\/wp\/v2\/posts\/3419","targetHints":{"allow":["GET"]}}],"collection":[{"href":"https:\/\/brion.codeloper.dev\/es\/wp-json\/wp\/v2\/posts"}],"about":[{"href":"https:\/\/brion.codeloper.dev\/es\/wp-json\/wp\/v2\/types\/post"}],"author":[{"embeddable":true,"href":"https:\/\/brion.codeloper.dev\/es\/wp-json\/wp\/v2\/users\/1"}],"replies":[{"embeddable":true,"href":"https:\/\/brion.codeloper.dev\/es\/wp-json\/wp\/v2\/comments?post=3419"}],"version-history":[{"count":1,"href":"https:\/\/brion.codeloper.dev\/es\/wp-json\/wp\/v2\/posts\/3419\/revisions"}],"predecessor-version":[{"id":4393,"href":"https:\/\/brion.codeloper.dev\/es\/wp-json\/wp\/v2\/posts\/3419\/revisions\/4393"}],"wp:featuredmedia":[{"embeddable":true,"href":"https:\/\/brion.codeloper.dev\/es\/wp-json\/wp\/v2\/media\/3417"}],"wp:attachment":[{"href":"https:\/\/brion.codeloper.dev\/es\/wp-json\/wp\/v2\/media?parent=3419"}],"wp:term":[{"taxonomy":"category","embeddable":true,"href":"https:\/\/brion.codeloper.dev\/es\/wp-json\/wp\/v2\/categories?post=3419"},{"taxonomy":"post_tag","embeddable":true,"href":"https:\/\/brion.codeloper.dev\/es\/wp-json\/wp\/v2\/tags?post=3419"}],"curies":[{"name":"wp","href":"https:\/\/api.w.org\/{rel}","templated":true}]}}