{"id":3409,"date":"2025-10-10T09:00:00","date_gmt":"2025-10-10T09:00:00","guid":{"rendered":"https:\/\/brion.codeloper.dev\/outono-cultural-documental-prisciliano-e-gallaecia\/"},"modified":"2026-04-07T15:10:37","modified_gmt":"2026-04-07T15:10:37","slug":"outono-cultural-documental-prisciliano-e-gallaecia","status":"publish","type":"post","link":"https:\/\/brion.codeloper.dev\/es\/outono-cultural-documental-prisciliano-e-gallaecia\/","title":{"rendered":"OUTONO CULTURAL | Documental: \u00abPrisciliano e a Gallaecia\u00bb"},"content":{"rendered":"<p><strong>Arraianos Produci\u00f3ns<\/strong> presenta en Bri\u00f3n o documental:<strong><em> \u00abPrisciliano e a Gallaecia\u00bb<\/em><\/strong><\/p>\n<p>Un documento audiovisual que re\u00fane as voces de especialistas na materia de universidades de todo o mundo.\u00a0<\/p>\n<h4>Sinopse:<\/h4>\n<p>Un documental de Aser \u00c1lvarez producido por Arraianos Produci\u00f3ns. Tr\u00e1tase dunha pequena\u00a0road movie\u00a0que prop\u00f3n un itinerario polos principais xacementos arqueol\u00f3xicos vinculados co priscilianismo: Santalla de B\u00f3veda, Valga, Quiroga ou Compostela, pero tam\u00e9n aqueles lugares polos que se estend\u00eda a\u00a0antiga provincia romana da Gallaecia, como Palencia, Astorga, \u00c1vila e Braga.<\/p>\n<p><strong>DATA:<\/strong> venres, 10 de outubro<br \/><strong>HORA:<\/strong> 20:00 h.<br \/><strong>LUGAR:<\/strong> Sala Municipal de Exposici\u00f3ns (Casa da Cultura de Bri\u00f3n)<\/p>\n<p><strong>Entrada de balde<\/strong> ata completar a capacidade do local<\/p>\n<p>Actividade patrocinada polo programa <strong><em>Outono das Artes<\/em><\/strong> da <strong>Rede Cultural da Deputaci\u00f3n da Coru\u00f1a<\/strong><\/p>\n","protected":false},"excerpt":{"rendered":"<p>Arraianos Produci\u00f3ns presenta en Bri\u00f3n o documental: \u00abPrisciliano e a Gallaecia\u00bb Un documento audiovisual que re\u00fane as voces de especialistas na materia de universidades de todo o mundo.\u00a0 Sinopse: Un documental de Aser \u00c1lvarez producido por Arraianos Produci\u00f3ns. Tr\u00e1tase dunha pequena\u00a0road movie\u00a0que prop\u00f3n un itinerario polos principais xacementos arqueol\u00f3xicos vinculados co priscilianismo: Santalla de B\u00f3veda, [&hellip;]<\/p>\n","protected":false},"author":1,"featured_media":3408,"comment_status":"open","ping_status":"open","sticky":false,"template":"","format":"standard","meta":{"_start_date":"2025-10-10","_end_date":"2025-10-10","_formatted_date":"10 de outubro de 2025","_start_time":"20:00 h.","_end_time":"","_extra_info":"Sala Municipal de Exposici\u00f3ns (Casa da Cultura), Carballeira de Sta. Minia n\u00ba 5, Pedrouzos-Bri\u00f3n","_acta_year":"","_acta_date":"","_post_attachments":[]},"categories":[6],"tags":[],"class_list":["post-3409","post","type-post","status-publish","format-standard","has-post-thumbnail","hentry","category-cultura"],"categories_data":[{"id":6,"name":"Cultura","slug":"cultura"}],"_links":{"self":[{"href":"https:\/\/brion.codeloper.dev\/es\/wp-json\/wp\/v2\/posts\/3409","targetHints":{"allow":["GET"]}}],"collection":[{"href":"https:\/\/brion.codeloper.dev\/es\/wp-json\/wp\/v2\/posts"}],"about":[{"href":"https:\/\/brion.codeloper.dev\/es\/wp-json\/wp\/v2\/types\/post"}],"author":[{"embeddable":true,"href":"https:\/\/brion.codeloper.dev\/es\/wp-json\/wp\/v2\/users\/1"}],"replies":[{"embeddable":true,"href":"https:\/\/brion.codeloper.dev\/es\/wp-json\/wp\/v2\/comments?post=3409"}],"version-history":[{"count":1,"href":"https:\/\/brion.codeloper.dev\/es\/wp-json\/wp\/v2\/posts\/3409\/revisions"}],"predecessor-version":[{"id":4389,"href":"https:\/\/brion.codeloper.dev\/es\/wp-json\/wp\/v2\/posts\/3409\/revisions\/4389"}],"wp:featuredmedia":[{"embeddable":true,"href":"https:\/\/brion.codeloper.dev\/es\/wp-json\/wp\/v2\/media\/3408"}],"wp:attachment":[{"href":"https:\/\/brion.codeloper.dev\/es\/wp-json\/wp\/v2\/media?parent=3409"}],"wp:term":[{"taxonomy":"category","embeddable":true,"href":"https:\/\/brion.codeloper.dev\/es\/wp-json\/wp\/v2\/categories?post=3409"},{"taxonomy":"post_tag","embeddable":true,"href":"https:\/\/brion.codeloper.dev\/es\/wp-json\/wp\/v2\/tags?post=3409"}],"curies":[{"name":"wp","href":"https:\/\/api.w.org\/{rel}","templated":true}]}}