{"id":3381,"date":"2025-11-22T09:00:00","date_gmt":"2025-11-22T09:00:00","guid":{"rendered":"https:\/\/brion.codeloper.dev\/outono-cultural-fegateatro-i-os-vecinos-do-lado-de-fauna-113\/"},"modified":"2026-04-07T15:10:32","modified_gmt":"2026-04-07T15:10:32","slug":"outono-cultural-fegateatro-i-os-vecinos-do-lado-de-fauna-113","status":"publish","type":"post","link":"https:\/\/brion.codeloper.dev\/es\/outono-cultural-fegateatro-i-os-vecinos-do-lado-de-fauna-113\/","title":{"rendered":"OUTONO CULTURAL | FEGATEATRO I \u00abOs veci\u00f1os do lado\u00bb de Fauna 113"},"content":{"rendered":"<p>O grupo de teatro\u00a0<strong>Fauna 113<\/strong> presenta en Bri\u00f3n a obra <strong><em>\u00abOs veci\u00f1os do lado\u00bb<\/em><\/strong><\/p>\n<h4>Sinopse:<\/h4>\n<p>Mar\u00eda e Pedro son unha parella convencional que recibe a visita dos seus novos veci\u00f1os: Rosa e Ignacio. O que en principio parece unha cea de cortes\u00eda entre desco\u00f1ecidos deparar\u00e1 un encontro disparatado de dobres intenci\u00f3ns e segredos inconfesables, ou \u00e9 que seica non todos temos algo que ocultar?<\/p>\n<p><strong>T\u00f3dolos p\u00fablicos | Comedia<\/strong><\/p>\n<p><strong>DATA: <\/strong>s\u00e1bado, 22 de novembro<br \/><strong>HORA: <\/strong>20:00 h.<br \/><strong>LUGAR DE CELEBRACI\u00d3N: <\/strong>Centro Social Polivalente<\/p>\n<p><strong>Entrada de balde <\/strong>ata completar a capacidade da sala.<\/p>\n<p>M\u00e1is informaci\u00f3n sobre a obra na <a href=\"https:\/\/fegatea.gal\/obra\/os-vecinos-do-lado\/\">FEGATEA<\/a><\/p>\n","protected":false},"excerpt":{"rendered":"<p>O grupo de teatro\u00a0Fauna 113 presenta en Bri\u00f3n a obra \u00abOs veci\u00f1os do lado\u00bb Sinopse: Mar\u00eda e Pedro son unha parella convencional que recibe a visita dos seus novos veci\u00f1os: Rosa e Ignacio. O que en principio parece unha cea de cortes\u00eda entre desco\u00f1ecidos deparar\u00e1 un encontro disparatado de dobres intenci\u00f3ns e segredos inconfesables, ou [&hellip;]<\/p>\n","protected":false},"author":1,"featured_media":3380,"comment_status":"open","ping_status":"open","sticky":false,"template":"","format":"standard","meta":{"_start_date":"2025-11-22","_end_date":"2025-11-22","_formatted_date":"22 de novembro de 2025","_start_time":"20:00 h.","_end_time":"","_extra_info":"Centro Social Polivalente. Avenida de Santa Minia, 46 Bri\u00f3n (A Coru\u00f1a)","_acta_year":"","_acta_date":"","_post_attachments":[]},"categories":[6],"tags":[],"class_list":["post-3381","post","type-post","status-publish","format-standard","has-post-thumbnail","hentry","category-cultura"],"categories_data":[{"id":6,"name":"Cultura","slug":"cultura"}],"_links":{"self":[{"href":"https:\/\/brion.codeloper.dev\/es\/wp-json\/wp\/v2\/posts\/3381","targetHints":{"allow":["GET"]}}],"collection":[{"href":"https:\/\/brion.codeloper.dev\/es\/wp-json\/wp\/v2\/posts"}],"about":[{"href":"https:\/\/brion.codeloper.dev\/es\/wp-json\/wp\/v2\/types\/post"}],"author":[{"embeddable":true,"href":"https:\/\/brion.codeloper.dev\/es\/wp-json\/wp\/v2\/users\/1"}],"replies":[{"embeddable":true,"href":"https:\/\/brion.codeloper.dev\/es\/wp-json\/wp\/v2\/comments?post=3381"}],"version-history":[{"count":1,"href":"https:\/\/brion.codeloper.dev\/es\/wp-json\/wp\/v2\/posts\/3381\/revisions"}],"predecessor-version":[{"id":4375,"href":"https:\/\/brion.codeloper.dev\/es\/wp-json\/wp\/v2\/posts\/3381\/revisions\/4375"}],"wp:featuredmedia":[{"embeddable":true,"href":"https:\/\/brion.codeloper.dev\/es\/wp-json\/wp\/v2\/media\/3380"}],"wp:attachment":[{"href":"https:\/\/brion.codeloper.dev\/es\/wp-json\/wp\/v2\/media?parent=3381"}],"wp:term":[{"taxonomy":"category","embeddable":true,"href":"https:\/\/brion.codeloper.dev\/es\/wp-json\/wp\/v2\/categories?post=3381"},{"taxonomy":"post_tag","embeddable":true,"href":"https:\/\/brion.codeloper.dev\/es\/wp-json\/wp\/v2\/tags?post=3381"}],"curies":[{"name":"wp","href":"https:\/\/api.w.org\/{rel}","templated":true}]}}