{"id":3357,"date":"2025-07-12T09:00:00","date_gmt":"2025-07-12T09:00:00","guid":{"rendered":"https:\/\/brion.codeloper.dev\/encontro-coa-arte-2025-homenaxe-xose-vizoso\/"},"modified":"2026-04-07T15:10:30","modified_gmt":"2026-04-07T15:10:30","slug":"encontro-coa-arte-2025-homenaxe-xose-vizoso","status":"publish","type":"post","link":"https:\/\/brion.codeloper.dev\/es\/encontro-coa-arte-2025-homenaxe-xose-vizoso\/","title":{"rendered":"ENCONTRO COA ARTE 2025: HOMENAXE A XOS\u00c9 VIZOSO"},"content":{"rendered":"<p>O <strong>XVIII Encontro coa Arte<\/strong> rende homenaxe a <strong>Xos\u00e9 Vizoso<\/strong> (Mondo\u00f1edo, 1950 &#8211; Bri\u00f3n, 2025), ilustre veci\u00f1o e destacado artista pl\u00e1stico galego. O acto, aberto \u00e1 participaci\u00f3n de toda a cidadan\u00eda, estar\u00e1 conducido polo debuxante, caricaturista, escritor e xornalista <strong>Siro L\u00f3pez<\/strong>. Ademais, contar\u00e1 coa actuaci\u00f3n de <strong>Os Quinquill\u00e1ns<\/strong>, que presentar\u00e1n en Bri\u00f3n a obra <strong><em>Cousas de Castelao<\/em><\/strong>, adaptaci\u00f3n da reco\u00f1ecida creaci\u00f3n do autor de Rianxo.<\/p>\n<h4>SINOPSE:<\/h4>\n<p>Versi\u00f3n de <strong><em>Cousas <\/em><\/strong>na que est\u00e1n presentes os grandes temas do orixinal: ecolox\u00eda, solidariedade, emigraci\u00f3n, xustiza social&#8230; O retranqueiro burro dun dos contos, trasunto do propio Castelao, enlaza as escenas entre as que se encontran O pai de Migueli\u00f1o, A Marquesi\u00f1a, O escuro caletre de Marti\u00f1o ou A\u00ednda eu non nascera.<\/p>\n<p><strong>DATA: <\/strong>S\u00e1bado, 12 de xullo<br \/><strong>HORA:<\/strong> 21:00 h.<br \/><strong>LUGAR DE CELEBRACI\u00d3N: <\/strong>Centro Social Polivalente de Bri\u00f3n<\/p>\n<p>Espect\u00e1culo para todos os p\u00fablicos. <strong>Entrada de balde <\/strong>ata completar a capacidade da sala.<\/p>\n","protected":false},"excerpt":{"rendered":"<p>O XVIII Encontro coa Arte rende homenaxe a Xos\u00e9 Vizoso (Mondo\u00f1edo, 1950 &#8211; Bri\u00f3n, 2025), ilustre veci\u00f1o e destacado artista pl\u00e1stico galego. O acto, aberto \u00e1 participaci\u00f3n de toda a cidadan\u00eda, estar\u00e1 conducido polo debuxante, caricaturista, escritor e xornalista Siro L\u00f3pez. Ademais, contar\u00e1 coa actuaci\u00f3n de Os Quinquill\u00e1ns, que presentar\u00e1n en Bri\u00f3n a obra Cousas [&hellip;]<\/p>\n","protected":false},"author":1,"featured_media":3356,"comment_status":"open","ping_status":"open","sticky":false,"template":"","format":"standard","meta":{"_start_date":"2025-07-12","_end_date":"2025-07-12","_formatted_date":"12 de xullo de 2025","_start_time":"21:00 h.","_end_time":"","_extra_info":"Centro Social Polivalente. Avenida de Santa Minia, 46 Bri\u00f3n (A Coru\u00f1a)","_acta_year":"","_acta_date":"","_post_attachments":[]},"categories":[6],"tags":[],"class_list":["post-3357","post","type-post","status-publish","format-standard","has-post-thumbnail","hentry","category-cultura"],"categories_data":[{"id":6,"name":"Cultura","slug":"cultura"}],"_links":{"self":[{"href":"https:\/\/brion.codeloper.dev\/es\/wp-json\/wp\/v2\/posts\/3357","targetHints":{"allow":["GET"]}}],"collection":[{"href":"https:\/\/brion.codeloper.dev\/es\/wp-json\/wp\/v2\/posts"}],"about":[{"href":"https:\/\/brion.codeloper.dev\/es\/wp-json\/wp\/v2\/types\/post"}],"author":[{"embeddable":true,"href":"https:\/\/brion.codeloper.dev\/es\/wp-json\/wp\/v2\/users\/1"}],"replies":[{"embeddable":true,"href":"https:\/\/brion.codeloper.dev\/es\/wp-json\/wp\/v2\/comments?post=3357"}],"version-history":[{"count":1,"href":"https:\/\/brion.codeloper.dev\/es\/wp-json\/wp\/v2\/posts\/3357\/revisions"}],"predecessor-version":[{"id":4369,"href":"https:\/\/brion.codeloper.dev\/es\/wp-json\/wp\/v2\/posts\/3357\/revisions\/4369"}],"wp:featuredmedia":[{"embeddable":true,"href":"https:\/\/brion.codeloper.dev\/es\/wp-json\/wp\/v2\/media\/3356"}],"wp:attachment":[{"href":"https:\/\/brion.codeloper.dev\/es\/wp-json\/wp\/v2\/media?parent=3357"}],"wp:term":[{"taxonomy":"category","embeddable":true,"href":"https:\/\/brion.codeloper.dev\/es\/wp-json\/wp\/v2\/categories?post=3357"},{"taxonomy":"post_tag","embeddable":true,"href":"https:\/\/brion.codeloper.dev\/es\/wp-json\/wp\/v2\/tags?post=3357"}],"curies":[{"name":"wp","href":"https:\/\/api.w.org\/{rel}","templated":true}]}}