{"id":3262,"date":"2025-11-08T09:00:00","date_gmt":"2025-11-08T09:00:00","guid":{"rendered":"https:\/\/brion.codeloper.dev\/lembranzas-e-agarimos-de-enrique-valero\/"},"modified":"2026-04-07T15:10:22","modified_gmt":"2026-04-07T15:10:22","slug":"lembranzas-e-agarimos-de-enrique-valero","status":"publish","type":"post","link":"https:\/\/brion.codeloper.dev\/es\/lembranzas-e-agarimos-de-enrique-valero\/","title":{"rendered":"LEMBRANZAS E AGARIMOS DE ENRIQUE VALERO"},"content":{"rendered":"<p>O <strong>Concello de Bri\u00f3n<\/strong> acoller\u00e1 do <strong>8 ao 29 de novembro<\/strong> a exposici\u00f3n de acuarelas <strong>\u201cLembranzas e Agarimos\u201d<\/strong>, do artista <strong>Enrique Valero<\/strong>, veci\u00f1o do municipio. A inauguraci\u00f3n ter\u00e1 lugar o <strong>s\u00e1bado 8 de novembro \u00e1s 18:30 horas<\/strong> no <strong>Centro Social de Bri\u00f3n<\/strong>, cun acto aberto a todo o p\u00fablico.<\/p>\n<h3>Un artista de ra\u00edces brionesas<\/h3>\n<p>Nado en <strong>Madrid no ano 1958<\/strong>, Enrique Valero \u00e9 <strong>doutor en enxe\u00f1ar\u00eda forestal<\/strong> e <strong>profesor universitario<\/strong>. Hai xa preto de <strong>trinta anos decidiu establecerse en Bri\u00f3n<\/strong>, atra\u00eddo pola beleza da contorna e pola s\u00faa luz \u00fanica. Tal e como el mesmo sinala: \u201cEliximos a zona porque \u00e9 preciosa, cunha luz impresionante\u201d.<\/p>\n<p>A acuarela converteuse para Valero nunha forma de expresi\u00f3n art\u00edstica e emocional, un espazo de calma e reflexi\u00f3n no que d\u00e1 vida a paisaxes, flores e escenas coti\u00e1s cheas de cor e harmon\u00eda.<\/p>\n<h3>Unha mostra chea de emoci\u00f3ns<\/h3>\n<p>En \u201cLembranzas e Agarimos\u201d, o autor convida ao espectador a percorrer un cami\u00f1o visual de lembranzas e afectos a trav\u00e9s das s\u00faas acuarelas. As obras amosan a s\u00faa paix\u00f3n pola natureza, a luz e os pequenos detalles da vida, transmitindo unha sensaci\u00f3n de tranquilidade e conexi\u00f3n co territorio.<\/p>\n<h3>Horarios de visita<\/h3>\n<p>A exposici\u00f3n poder\u00e1 visitarse no <strong>Centro Social de Bri\u00f3n<\/strong> ata o <strong>29 de novembro<\/strong>, en horario de:<\/p>\n<ul>\n<li>\n<p><strong>Luns a venres:<\/strong> de 09:00 a 14:00 h e de 16:00 a 20:00 h<\/p>\n<\/li>\n<li>\n<p><strong>S\u00e1bados:<\/strong> de 17:00 a 22:00 h<\/p>\n<\/li>\n<\/ul>\n<p>O Concello de Bri\u00f3n anima a toda a veci\u00f1anza e visitantes a achegarse a esta mostra e descubrir a obra dun <strong>artista que leva o nome de Bri\u00f3n tam\u00e9n na s\u00faa paleta e no seu coraz\u00f3n<\/strong>.<\/p>\n<p>\ud83d\udccd <strong>Centro Social de Bri\u00f3n<\/strong><br \/>\n\ud83d\uddd3 <strong>Do 8 ao 29 de novembro<\/strong><br \/>\n\ud83d\udd61 <strong>Inauguraci\u00f3n: s\u00e1bado 8 \u00e1s 18:30 h<\/strong><\/p>\n","protected":false},"excerpt":{"rendered":"<p>O Concello de Bri\u00f3n acoller\u00e1 do 8 ao 29 de novembro a exposici\u00f3n de acuarelas \u201cLembranzas e Agarimos\u201d, do artista Enrique Valero, veci\u00f1o do municipio. A inauguraci\u00f3n ter\u00e1 lugar o s\u00e1bado 8 de novembro \u00e1s 18:30 horas no Centro Social de Bri\u00f3n, cun acto aberto a todo o p\u00fablico. Un artista de ra\u00edces brionesas Nado [&hellip;]<\/p>\n","protected":false},"author":1,"featured_media":3260,"comment_status":"open","ping_status":"open","sticky":false,"template":"","format":"standard","meta":{"_start_date":"2025-11-08","_end_date":"2025-11-29","_formatted_date":"Do 8 de novembro ao 29 de novembro de 2025","_start_time":"18:30h.","_end_time":"","_extra_info":"Centro Social Polivalente","_acta_year":"","_acta_date":"","_post_attachments":[{"id":3261,"name":"Enrique_Valero_25.pdf","modifications":[]}]},"categories":[6],"tags":[],"class_list":["post-3262","post","type-post","status-publish","format-standard","has-post-thumbnail","hentry","category-cultura"],"categories_data":[{"id":6,"name":"Cultura","slug":"cultura"}],"_links":{"self":[{"href":"https:\/\/brion.codeloper.dev\/es\/wp-json\/wp\/v2\/posts\/3262","targetHints":{"allow":["GET"]}}],"collection":[{"href":"https:\/\/brion.codeloper.dev\/es\/wp-json\/wp\/v2\/posts"}],"about":[{"href":"https:\/\/brion.codeloper.dev\/es\/wp-json\/wp\/v2\/types\/post"}],"author":[{"embeddable":true,"href":"https:\/\/brion.codeloper.dev\/es\/wp-json\/wp\/v2\/users\/1"}],"replies":[{"embeddable":true,"href":"https:\/\/brion.codeloper.dev\/es\/wp-json\/wp\/v2\/comments?post=3262"}],"version-history":[{"count":1,"href":"https:\/\/brion.codeloper.dev\/es\/wp-json\/wp\/v2\/posts\/3262\/revisions"}],"predecessor-version":[{"id":4341,"href":"https:\/\/brion.codeloper.dev\/es\/wp-json\/wp\/v2\/posts\/3262\/revisions\/4341"}],"wp:featuredmedia":[{"embeddable":true,"href":"https:\/\/brion.codeloper.dev\/es\/wp-json\/wp\/v2\/media\/3260"}],"wp:attachment":[{"href":"https:\/\/brion.codeloper.dev\/es\/wp-json\/wp\/v2\/media?parent=3262"}],"wp:term":[{"taxonomy":"category","embeddable":true,"href":"https:\/\/brion.codeloper.dev\/es\/wp-json\/wp\/v2\/categories?post=3262"},{"taxonomy":"post_tag","embeddable":true,"href":"https:\/\/brion.codeloper.dev\/es\/wp-json\/wp\/v2\/tags?post=3262"}],"curies":[{"name":"wp","href":"https:\/\/api.w.org\/{rel}","templated":true}]}}