{"id":2602,"date":"2023-01-02T09:00:00","date_gmt":"2023-01-02T09:00:00","guid":{"rendered":"https:\/\/brion.codeloper.dev\/xxvii-festival-de-titeres-de-brion\/"},"modified":"2026-04-07T15:09:17","modified_gmt":"2026-04-07T15:09:17","slug":"xxvii-festival-de-titeres-de-brion","status":"publish","type":"post","link":"https:\/\/brion.codeloper.dev\/es\/xxvii-festival-de-titeres-de-brion\/","title":{"rendered":"XXVII FESTIVAL DE T\u00cdTERES DE BRI\u00d3N"},"content":{"rendered":"<p><strong>Lugar de celebraci\u00f3n: <\/strong>Centro Social Polivalente<br \/><strong>Hora: <\/strong>17:30 h.<\/p>\n<p>Todas as funci\u00f3ns dirixidas a p\u00fablico Familiar. Entrada de balde ata completar aforo.<\/p>\n<p><strong>ESPECT\u00c1CULOS:<\/strong><\/p>\n<p><strong>LUNS, 2 DE XANEIRO<\/strong><\/p>\n<p><strong>MIRCROMINA TEATRO (Galicia): \u00abRaio de Loubican\u00bb <\/strong><\/p>\n<p><strong>Idades recomendadas<\/strong>: A partir de 3 anos<br \/><strong>Duraci\u00f3n<\/strong>: 45 minutos<br \/><strong>T\u00e9cnica<\/strong>: mixta, guante, vari\u00f1as, percutido e actor<br \/><strong>Idioma<\/strong>: galego<\/p>\n<p><strong>Sinopse<\/strong>: D\u00faas historias mesturadas que confl\u00faen no mesmo punto. O Gyrovago, cansado de dar voltas, chega a unha taberna onde escoita a historia dun can preso ceibado por unha loba. Na s\u00faa traves\u00eda polo monte atopa a Raio, fillo da liberdade, e ambos os dous senten amor a primeira vista. A partir deste momento as s\u00faas vidas quedan ligadas para sempre. Se tes sorte, pode que chegues a gozar do seu espect\u00e1culo!<\/p>\n<p><strong>MARTES, 3 DE XANEIRO<\/strong><\/p>\n<p><strong>MARIONETAS RUI SOUSA (Portugal): \u201cMarionetas musicais\u201d<\/strong><\/p>\n<p><strong>Idades recomendadas<\/strong>: A partir de 3 anos<br \/><strong>Duraci\u00f3n<\/strong>: 50 minutos<br \/><strong>T\u00e9cnica<\/strong>: musical con marionetas de f\u00edo<br \/><strong>Idioma<\/strong>: galego, portugu\u00e9s<\/p>\n<p><strong>Sinopse<\/strong>: As marionetas musicais chegaron ata aqu\u00ed para levarnos nunha viaxe pola m\u00fasica e polo mundo. Hai moitos artistas e moitos lugares no mundo polos que pasaremos. Da Samba ao Jazz, do Celta ao Folclore, ser\u00e1n milleiros de quil\u00f3metros, centos de notas musicais e ducias de f\u00edos que, tirados, dar\u00e1n o movemento axeitado aos nosos artistas de madeira. Viaxamos nun mundo de cores, encanto e alegr\u00eda con monicreques musicais. Un espect\u00e1culo para nenos de 3 a 103 anos.<\/p>\n<p><strong>M\u00c9RCORES, 4 DE XANEIRO<\/strong><\/p>\n<p><strong>Larei Lar\u00e1 (Galicia): \u201cDinosauros. O regreso dos saurios\u201d<\/strong><\/p>\n<p><strong>Idades recomendadas<\/strong>: A partir de 3 anos<br \/><strong>Duraci\u00f3n<\/strong>: 50 minutos<br \/><strong>T\u00e9cnica<\/strong>: varin\u0303as, monicreques<br \/><strong>Idioma<\/strong>: galego<\/p>\n<p><strong>Sinopse<\/strong>: Ollos ben abertos para gozar dun espect\u00e1culo visual e musical onde o misterio e os dinosauros cobran vida para facer pasar unha experiencia \u00fanica e moi argalleira. O famoso arque\u00f3logo Florentino Amechuino descobre a Dino, un dinosauro do Xur\u00e1sico moi peculiar que se mantivo oculto aos ollos do mundo a trav\u00e9s dun curioso dispositivo evolutivo antropol\u00f3xico. Ante o asombro de Florentino, Dino revive. E a isto s\u00famase un malvado chamado Katraska&#8230; que so\u00f1a cun ovo misterioso atopado na Patagonia Arxentina. Unha viaxe chea de aventuras que nos transportar\u00e1 a un mundo fascinante.<\/p>\n","protected":false},"excerpt":{"rendered":"<p>Lugar de celebraci\u00f3n: Centro Social PolivalenteHora: 17:30 h. Todas as funci\u00f3ns dirixidas a p\u00fablico Familiar. Entrada de balde ata completar aforo. ESPECT\u00c1CULOS: LUNS, 2 DE XANEIRO MIRCROMINA TEATRO (Galicia): \u00abRaio de Loubican\u00bb Idades recomendadas: A partir de 3 anosDuraci\u00f3n: 45 minutosT\u00e9cnica: mixta, guante, vari\u00f1as, percutido e actorIdioma: galego Sinopse: D\u00faas historias mesturadas que confl\u00faen no [&hellip;]<\/p>\n","protected":false},"author":1,"featured_media":2601,"comment_status":"open","ping_status":"open","sticky":false,"template":"","format":"standard","meta":{"_start_date":"2023-01-02","_end_date":"2023-01-04","_formatted_date":"Do 2 de xaneiro ao 4 de xaneiro de 2023","_start_time":"17:30 h.","_end_time":"","_extra_info":"Centro Social Polivalente","_acta_year":"","_acta_date":"","_post_attachments":[]},"categories":[1],"tags":[],"class_list":["post-2602","post","type-post","status-publish","format-standard","has-post-thumbnail","hentry","category-general-gl"],"categories_data":[{"id":1,"name":"General","slug":"general-gl"}],"_links":{"self":[{"href":"https:\/\/brion.codeloper.dev\/es\/wp-json\/wp\/v2\/posts\/2602","targetHints":{"allow":["GET"]}}],"collection":[{"href":"https:\/\/brion.codeloper.dev\/es\/wp-json\/wp\/v2\/posts"}],"about":[{"href":"https:\/\/brion.codeloper.dev\/es\/wp-json\/wp\/v2\/types\/post"}],"author":[{"embeddable":true,"href":"https:\/\/brion.codeloper.dev\/es\/wp-json\/wp\/v2\/users\/1"}],"replies":[{"embeddable":true,"href":"https:\/\/brion.codeloper.dev\/es\/wp-json\/wp\/v2\/comments?post=2602"}],"version-history":[{"count":1,"href":"https:\/\/brion.codeloper.dev\/es\/wp-json\/wp\/v2\/posts\/2602\/revisions"}],"predecessor-version":[{"id":4123,"href":"https:\/\/brion.codeloper.dev\/es\/wp-json\/wp\/v2\/posts\/2602\/revisions\/4123"}],"wp:featuredmedia":[{"embeddable":true,"href":"https:\/\/brion.codeloper.dev\/es\/wp-json\/wp\/v2\/media\/2601"}],"wp:attachment":[{"href":"https:\/\/brion.codeloper.dev\/es\/wp-json\/wp\/v2\/media?parent=2602"}],"wp:term":[{"taxonomy":"category","embeddable":true,"href":"https:\/\/brion.codeloper.dev\/es\/wp-json\/wp\/v2\/categories?post=2602"},{"taxonomy":"post_tag","embeddable":true,"href":"https:\/\/brion.codeloper.dev\/es\/wp-json\/wp\/v2\/tags?post=2602"}],"curies":[{"name":"wp","href":"https:\/\/api.w.org\/{rel}","templated":true}]}}