{"id":2513,"date":"2023-03-31T09:00:00","date_gmt":"2023-03-31T09:00:00","guid":{"rendered":"https:\/\/brion.codeloper.dev\/o-tranvia-leonardo-con-fantoches-baj-narracion-e-monicreques-para-celebrar-o-dia-do-teatro\/"},"modified":"2026-04-07T15:09:08","modified_gmt":"2026-04-07T15:09:08","slug":"o-tranvia-leonardo-con-fantoches-baj-narracion-e-monicreques-para-celebrar-o-dia-do-teatro","status":"publish","type":"post","link":"https:\/\/brion.codeloper.dev\/es\/o-tranvia-leonardo-con-fantoches-baj-narracion-e-monicreques-para-celebrar-o-dia-do-teatro\/","title":{"rendered":"O TRANV\u00cdA LEONARDO CON FANTOCHES BAJ &#8211; Narraci\u00f3n e monicreques para celebrar o D\u00eda do Teatro"},"content":{"rendered":"<p>O <strong>27 de marzo<\/strong> celebramos o <em><strong>D\u00eda Mundial do Teatro<\/strong><\/em>, unha data para por en valor entre a cidadan\u00eda a dramaturxia e as artes esc\u00e9nicas. Para conmemorar esta efem\u00e9ride tan especial, a biblioteca municipal conv\u00eddanos a asistir a un espect\u00e1culo de narraci\u00f3n oral e monicreques para toda a familia<em><strong>:<\/strong><\/em><\/p>\n<p><em><strong>\u00abO tranv\u00eda Leonardo\u00bb<\/strong><\/em>, a cargo da compa\u00f1\u00eda <strong>Fantoches Baj<\/strong><\/p>\n<p><strong>Data de celebraci\u00f3n:<\/strong> venres, 31 de marzo<br \/><strong>Hora:<\/strong> 18:00 h.<br \/><strong>Lugar: <\/strong>Sala Municipal de Exposici\u00f3ns (Casa da Cultura)<\/p>\n<p>Entrada de balde ata completar aforo.<\/p>\n<p>M\u00e1is informaci\u00f3n no <a href=\"https:\/\/bibliotecadebrion.blogspot.com\/2023\/03\/celebramos-o-dia-do-teatro-co-tranvia.html\">blog da biblioteca municipal<\/a>.<\/p>\n","protected":false},"excerpt":{"rendered":"<p>O 27 de marzo celebramos o D\u00eda Mundial do Teatro, unha data para por en valor entre a cidadan\u00eda a dramaturxia e as artes esc\u00e9nicas. Para conmemorar esta efem\u00e9ride tan especial, a biblioteca municipal conv\u00eddanos a asistir a un espect\u00e1culo de narraci\u00f3n oral e monicreques para toda a familia: \u00abO tranv\u00eda Leonardo\u00bb, a cargo da [&hellip;]<\/p>\n","protected":false},"author":1,"featured_media":2512,"comment_status":"open","ping_status":"open","sticky":false,"template":"","format":"standard","meta":{"_start_date":"2023-03-31","_end_date":"2023-03-31","_formatted_date":"31 de marzo de 2023","_start_time":"18:00 h.","_end_time":"","_extra_info":"Sala Municipal de Exposici\u00f3ns. Casa da Cultura de Bri\u00f3n","_acta_year":"","_acta_date":"","_post_attachments":[]},"categories":[1],"tags":[],"class_list":["post-2513","post","type-post","status-publish","format-standard","has-post-thumbnail","hentry","category-general-gl"],"categories_data":[{"id":1,"name":"General","slug":"general-gl"}],"_links":{"self":[{"href":"https:\/\/brion.codeloper.dev\/es\/wp-json\/wp\/v2\/posts\/2513","targetHints":{"allow":["GET"]}}],"collection":[{"href":"https:\/\/brion.codeloper.dev\/es\/wp-json\/wp\/v2\/posts"}],"about":[{"href":"https:\/\/brion.codeloper.dev\/es\/wp-json\/wp\/v2\/types\/post"}],"author":[{"embeddable":true,"href":"https:\/\/brion.codeloper.dev\/es\/wp-json\/wp\/v2\/users\/1"}],"replies":[{"embeddable":true,"href":"https:\/\/brion.codeloper.dev\/es\/wp-json\/wp\/v2\/comments?post=2513"}],"version-history":[{"count":1,"href":"https:\/\/brion.codeloper.dev\/es\/wp-json\/wp\/v2\/posts\/2513\/revisions"}],"predecessor-version":[{"id":4092,"href":"https:\/\/brion.codeloper.dev\/es\/wp-json\/wp\/v2\/posts\/2513\/revisions\/4092"}],"wp:featuredmedia":[{"embeddable":true,"href":"https:\/\/brion.codeloper.dev\/es\/wp-json\/wp\/v2\/media\/2512"}],"wp:attachment":[{"href":"https:\/\/brion.codeloper.dev\/es\/wp-json\/wp\/v2\/media?parent=2513"}],"wp:term":[{"taxonomy":"category","embeddable":true,"href":"https:\/\/brion.codeloper.dev\/es\/wp-json\/wp\/v2\/categories?post=2513"},{"taxonomy":"post_tag","embeddable":true,"href":"https:\/\/brion.codeloper.dev\/es\/wp-json\/wp\/v2\/tags?post=2513"}],"curies":[{"name":"wp","href":"https:\/\/api.w.org\/{rel}","templated":true}]}}