{"id":2464,"date":"2023-06-10T09:00:00","date_gmt":"2023-06-10T09:00:00","guid":{"rendered":"https:\/\/brion.codeloper.dev\/altamira-brilla-2023-batalla-de-altamira\/"},"modified":"2026-04-07T15:09:03","modified_gmt":"2026-04-07T15:09:03","slug":"altamira-brilla-2023-batalla-de-altamira","status":"publish","type":"post","link":"https:\/\/brion.codeloper.dev\/es\/altamira-brilla-2023-batalla-de-altamira\/","title":{"rendered":"ALTAMIRA BRILLA 2023 (Batalla de Altamira)"},"content":{"rendered":"<p><strong>\u00abAltamira Brilla\u00bb<\/strong> regresa para celebrar a s\u00faa terceira edici\u00f3n cun programa de actividades que incl\u00fae unha ruta pedestre polos lugares m\u00e1is significativos da Batalla de Altamira, un espect\u00e1culo de monicreques para p\u00fablico infantil e, para rematar, un ser\u00e1n festivo coas actuaci\u00f3ns de Os Quinquill\u00e1ns e o grupo musical Fillas de Cassandra. Todo no impresionante marco esc\u00e9nico que conforman as Torres de Altamira, no lugar de A Torre (Bri\u00f3n).<\/p>\n<p><strong>Data de celebraci\u00f3n:<\/strong> s\u00e1bado 10 de xu\u00f1o<\/p>\n<p><strong>Lugar: <\/strong>Torres de Altamira (Bri\u00f3n)<\/p>\n<p><strong>PROGRAMA: <\/strong><\/p>\n<p><strong>Ruta teatralizada polos escenarios da Batalla de Altamira<\/strong><\/p>\n<p>&#8211; 09:30 h. Sa\u00edda do autocar cos participantes da Carballeira de Santa Minia (Bri\u00f3n)<br \/>\n&#8211; 09:45 h. \u00a0Sa\u00edda do autocar cos participantes dende o Pazo da Peregrina (Bertamir\u00e1ns)<\/p>\n<p>Reserva de prazas enviando unha mensaxe onde se indicar\u00e1 o nome, apelidos e DNI ao seguinte correo electr\u00f3nico: rutabatallaaltamira@gmail.com. <strong>Dispo\u00f1ibles 50 prazas,<\/strong> por orde de inscrici\u00f3n.<\/p>\n<p><strong>18:30 h. T\u00edteres Alakr\u00e1n: \u201cBarrigaverde defendendo as Torres de Altamira\u201d<\/strong><\/p>\n<p>Espect\u00e1culo de monicreques para p\u00fablico familiar de acceso libre<\/p>\n<p>Lugar de celebraci\u00f3n: Torres de Altamira (Bri\u00f3n). As persoas interesadas deber\u00e1n desprazarse ata o lugar de A Torre polos seus propios medios.<\/p>\n<p><strong>20:00 h. Sa\u00edda dende a Carballeira de Santa Minia <\/strong>en<strong> <\/strong>direcci\u00f3n \u00e1s Torres de Altamira un autocar para acudir \u00e1 representaci\u00f3n art\u00edstica e ao concerto programados.<\/p>\n<p><strong>20:30 h. Recreaci\u00f3n teatral a cargo da compa\u00f1\u00eda Os Quinquill\u00e1ns da Batalla de Altamira<\/strong><\/p>\n<p><strong>22:00 h. Concerto a cargo de \u201cAs fillas de Cassandra\u201d<\/strong><\/p>\n<p>Ao final da festa, o autocar regresar\u00e1 \u00e1 Carballeira de Santa Minia.<\/p>\n<p>Para a representaci\u00f3n da Batalla de Altamira e o espect\u00e1culo musical, a entrada \u00e9 de balde con reserva previa en: <a href=\"https:\/\/www.woutick.es\/evento\/25245\/entradas-altamira-brilla?place=21635&amp;date=10-06-2023&amp;time=20:00&amp;showId=33764\">www.woutick.es<\/a><\/p>\n","protected":false},"excerpt":{"rendered":"<p>\u00abAltamira Brilla\u00bb regresa para celebrar a s\u00faa terceira edici\u00f3n cun programa de actividades que incl\u00fae unha ruta pedestre polos lugares m\u00e1is significativos da Batalla de Altamira, un espect\u00e1culo de monicreques para p\u00fablico infantil e, para rematar, un ser\u00e1n festivo coas actuaci\u00f3ns de Os Quinquill\u00e1ns e o grupo musical Fillas de Cassandra. Todo no impresionante marco [&hellip;]<\/p>\n","protected":false},"author":1,"featured_media":2463,"comment_status":"open","ping_status":"open","sticky":false,"template":"","format":"standard","meta":{"_start_date":"2023-06-10","_end_date":"2023-06-11","_formatted_date":"Do 10 de xu\u00f1o ao 11 de xu\u00f1o de 2023","_start_time":"","_end_time":"","_extra_info":"Torres de Altamira (Bri\u00f3n)","_acta_year":"","_acta_date":"","_post_attachments":[]},"categories":[1],"tags":[],"class_list":["post-2464","post","type-post","status-publish","format-standard","has-post-thumbnail","hentry","category-general-gl"],"categories_data":[{"id":1,"name":"General","slug":"general-gl"}],"_links":{"self":[{"href":"https:\/\/brion.codeloper.dev\/es\/wp-json\/wp\/v2\/posts\/2464","targetHints":{"allow":["GET"]}}],"collection":[{"href":"https:\/\/brion.codeloper.dev\/es\/wp-json\/wp\/v2\/posts"}],"about":[{"href":"https:\/\/brion.codeloper.dev\/es\/wp-json\/wp\/v2\/types\/post"}],"author":[{"embeddable":true,"href":"https:\/\/brion.codeloper.dev\/es\/wp-json\/wp\/v2\/users\/1"}],"replies":[{"embeddable":true,"href":"https:\/\/brion.codeloper.dev\/es\/wp-json\/wp\/v2\/comments?post=2464"}],"version-history":[{"count":1,"href":"https:\/\/brion.codeloper.dev\/es\/wp-json\/wp\/v2\/posts\/2464\/revisions"}],"predecessor-version":[{"id":4075,"href":"https:\/\/brion.codeloper.dev\/es\/wp-json\/wp\/v2\/posts\/2464\/revisions\/4075"}],"wp:featuredmedia":[{"embeddable":true,"href":"https:\/\/brion.codeloper.dev\/es\/wp-json\/wp\/v2\/media\/2463"}],"wp:attachment":[{"href":"https:\/\/brion.codeloper.dev\/es\/wp-json\/wp\/v2\/media?parent=2464"}],"wp:term":[{"taxonomy":"category","embeddable":true,"href":"https:\/\/brion.codeloper.dev\/es\/wp-json\/wp\/v2\/categories?post=2464"},{"taxonomy":"post_tag","embeddable":true,"href":"https:\/\/brion.codeloper.dev\/es\/wp-json\/wp\/v2\/tags?post=2464"}],"curies":[{"name":"wp","href":"https:\/\/api.w.org\/{rel}","templated":true}]}}