{"id":2364,"date":"2023-10-20T09:00:00","date_gmt":"2023-10-20T09:00:00","guid":{"rendered":"https:\/\/brion.codeloper.dev\/dia-das-bibliotecas-contacontos-o-paroleiro-con-pablisimo\/"},"modified":"2026-04-07T15:08:51","modified_gmt":"2026-04-07T15:08:51","slug":"dia-das-bibliotecas-contacontos-o-paroleiro-con-pablisimo","status":"publish","type":"post","link":"https:\/\/brion.codeloper.dev\/es\/dia-das-bibliotecas-contacontos-o-paroleiro-con-pablisimo\/","title":{"rendered":"D\u00cdA DAS BIBLIOTECAS | CONTACONTOS | \u00abO PAROLEIRO\u00bb CON PABL\u00cdSIMO"},"content":{"rendered":"<p>Cada <strong>24 de outubro<\/strong> celebraremos o <strong>D\u00eda das Bibliotecas<\/strong>. Unha data conmemorativa para trasladar \u00e1 opini\u00f3n p\u00fablica a importancia da biblioteca como lugar de encontro dos lectores de todas as idades coa cultura. Para celebralo, uns d\u00edas antes, a biblioteca municipal de Bri\u00f3n conv\u00eddanos a participar nun ser\u00e1n de narraci\u00f3n oral: <em><strong>Os Contos de Pabl\u00edsimo<\/strong><\/em> que presentar\u00e1 en Bri\u00f3n espect\u00e1culo <strong><em>\u201cO Paroleiro\u201d<\/em><\/strong>.<\/p>\n<p><strong>DATA<\/strong>: venres 20 de outubro<br \/><strong>HORA:<\/strong> 18:00 h.<br \/><strong>LUGAR: <\/strong>Sala Municipal de exposici\u00f3ns (Casa da Cultura)<\/p>\n<p>SINOPSE:<\/p>\n<p><strong><em>\u201cO Paroleiro\u201d<\/em><\/strong>, un personaxe moi amigo de parolar&#8230; que gusta de laretar, enredar, falar e de contar historias e contos que leva na memoria, nas maletas, nos petos e nos zapatos. Un contacontos a cargo de Pablo S\u00e1nchez que, como todos os seus espect\u00e1culos, toma como base a literatura infantil a trav\u00e9s de contos cl\u00e1sicos, contempor\u00e1neos, e contos de creaci\u00f3n propia.<\/p>\n<p>X\u00e9nero: Contacontos | Publico: crianzas de 4 a 10 anos | Duraci\u00f3n: aprox. 50 min.<\/p>\n<p><strong>Entrada libre ata completar a capacidade do local<\/strong>. Reserva previa a trav\u00e9s deste <a href=\"https:\/\/forms.gle\/iNhWS93wb1pDykRp6\">formulario.<\/a><\/p>\n<p>Espect\u00e1culo patrocinado polo programa \u00abLer conta moito\u00bb da Rede de Bibliotecas de Galicia.<\/p>\n","protected":false},"excerpt":{"rendered":"<p>Cada 24 de outubro celebraremos o D\u00eda das Bibliotecas. Unha data conmemorativa para trasladar \u00e1 opini\u00f3n p\u00fablica a importancia da biblioteca como lugar de encontro dos lectores de todas as idades coa cultura. Para celebralo, uns d\u00edas antes, a biblioteca municipal de Bri\u00f3n conv\u00eddanos a participar nun ser\u00e1n de narraci\u00f3n oral: Os Contos de Pabl\u00edsimo [&hellip;]<\/p>\n","protected":false},"author":1,"featured_media":2363,"comment_status":"open","ping_status":"open","sticky":false,"template":"","format":"standard","meta":{"_start_date":"2023-10-20","_end_date":"2023-10-20","_formatted_date":"20 de outubro de 2023","_start_time":"18:00 h.","_end_time":"","_extra_info":"Sala Municipal de Exposici\u00f3ns (Casa da Cultura)","_acta_year":"","_acta_date":"","_post_attachments":[]},"categories":[1],"tags":[],"class_list":["post-2364","post","type-post","status-publish","format-standard","has-post-thumbnail","hentry","category-general-gl"],"categories_data":[{"id":1,"name":"General","slug":"general-gl"}],"_links":{"self":[{"href":"https:\/\/brion.codeloper.dev\/es\/wp-json\/wp\/v2\/posts\/2364","targetHints":{"allow":["GET"]}}],"collection":[{"href":"https:\/\/brion.codeloper.dev\/es\/wp-json\/wp\/v2\/posts"}],"about":[{"href":"https:\/\/brion.codeloper.dev\/es\/wp-json\/wp\/v2\/types\/post"}],"author":[{"embeddable":true,"href":"https:\/\/brion.codeloper.dev\/es\/wp-json\/wp\/v2\/users\/1"}],"replies":[{"embeddable":true,"href":"https:\/\/brion.codeloper.dev\/es\/wp-json\/wp\/v2\/comments?post=2364"}],"version-history":[{"count":1,"href":"https:\/\/brion.codeloper.dev\/es\/wp-json\/wp\/v2\/posts\/2364\/revisions"}],"predecessor-version":[{"id":4035,"href":"https:\/\/brion.codeloper.dev\/es\/wp-json\/wp\/v2\/posts\/2364\/revisions\/4035"}],"wp:featuredmedia":[{"embeddable":true,"href":"https:\/\/brion.codeloper.dev\/es\/wp-json\/wp\/v2\/media\/2363"}],"wp:attachment":[{"href":"https:\/\/brion.codeloper.dev\/es\/wp-json\/wp\/v2\/media?parent=2364"}],"wp:term":[{"taxonomy":"category","embeddable":true,"href":"https:\/\/brion.codeloper.dev\/es\/wp-json\/wp\/v2\/categories?post=2364"},{"taxonomy":"post_tag","embeddable":true,"href":"https:\/\/brion.codeloper.dev\/es\/wp-json\/wp\/v2\/tags?post=2364"}],"curies":[{"name":"wp","href":"https:\/\/api.w.org\/{rel}","templated":true}]}}