{"id":2349,"date":"2023-06-30T09:00:00","date_gmt":"2023-06-30T09:00:00","guid":{"rendered":"https:\/\/brion.codeloper.dev\/xvi-encontro-coa-arte-lembrando-francisco-fernandez-del-riego\/"},"modified":"2026-04-07T15:08:49","modified_gmt":"2026-04-07T15:08:49","slug":"xvi-encontro-coa-arte-lembrando-francisco-fernandez-del-riego","status":"publish","type":"post","link":"https:\/\/brion.codeloper.dev\/es\/xvi-encontro-coa-arte-lembrando-francisco-fernandez-del-riego\/","title":{"rendered":"XVI ENCONTRO COA ARTE: LEMBRANDO A FRANCISCO FERN\u00c1NDEZ DEL RIEGO"},"content":{"rendered":"<p>Regresan a Bri\u00f3n os Encontros coa Arte, unhas xornadas de convivencia e creaci\u00f3n art\u00edstica que re\u00fanen no noso municipio artistas pl\u00e1sticos procedentes de distintos lugares de Galicia e do Estado. Ao longo de tres d\u00edas, participar\u00e1n en diferentes actividades de difusi\u00f3n das artes pl\u00e1sticas abertas a toda a cidadan\u00eda.<\/p>\n<h4><strong>PROGRAMA:<\/strong><\/h4>\n<h5><strong>Venres 30 de xu\u00f1o<\/strong><\/h5>\n<p><strong>De 10:00 a 12:30 h.<\/strong><br \/>Obradoiros simult\u00e1neos de pintura de acuarela a cargo de Jos\u00e9 A. Regidor, Frutos Casado de Lucas, Jos\u00e9 Galarzo e Mar\u00eda Carmen Mart\u00ednez, dirixido a nenas e nenos a partir de 6 anos na Carballeira de Santa Minia.<\/p>\n<p><strong>\u00c1s 16:30 h.<\/strong><br \/>Primeira Xornada de Pintura do natural no entorno da Carballeira de Santa Minia<\/p>\n<p>Neste mesmo espazo \u00e1s 16:30 horas, dar\u00e1 comezo o <strong>V Concurso de Debuxo e Pintura<\/strong> r\u00e1pida dirixido a rapazas e rapaces de 4 a 17 anos. Aqueles que non participen, poder\u00e1n estar con alg\u00fans dos pintores participantes no Encontro.<\/p>\n<p><strong>\u00c1s 21:00 h.<\/strong><br \/>Na Sala Municipal de Exposici\u00f3ns (Casa da Cultura):<br \/>\nInauguraci\u00f3n da mostra das obras doadas no <strong>XV Encontro coa Arte \u201cLembrando a Laxeiro\u201d<\/strong><br \/>\nEntrega de premios do <strong>V Concurso de Debuxo e Pintura<\/strong><\/p>\n<h5><strong>S\u00e1bado 1 de xullo<\/strong><\/h5>\n<p><strong>De 10:00 a 14:00 h.<\/strong><br \/>\nXornada de Pintura do Natural na vila de Padr\u00f3n (A Coru\u00f1a)<\/p>\n<p><strong>De 16:30 a 19:30 h.<\/strong><br \/>\nContinuaci\u00f3n da Xornada de Pintura do Natural na parroquia de Seira (Rois)<\/p>\n<p><strong>\u00c1s 21:00 h.<\/strong><br \/>\nProxecci\u00f3n da pel\u00edcula de animaci\u00f3n <em><strong>Valentina (2021)<\/strong><\/em><br \/>\nNo Centro Social Polivalente. Entrada de balde ata completar a capacidade<strong> <\/strong>do local.<\/p>\n<h5><strong>Domingo 2 de xullo<\/strong><\/h5>\n<p><strong>De 10:00 a 14:30 h.<\/strong><br \/>\nXornada de Pintura do Natural no paseo do R\u00edo Pego (Bri\u00f3n)<\/p>\n<h4><strong>MERCADO DA ARTE DO ENCONTRO<\/strong><\/h4>\n<p>Coincidindo co Encontro, habilitarase na <strong>Sala Municipal de Exposici\u00f3ns <\/strong>(Casa da Cultura) un espazo onde os artistas participantes nas xornadas expo\u00f1er\u00e1n obra propia de cara \u00e1 venda. <\/p>\n<p><em><strong>Horario do Mercado da Arte<\/strong><\/em><\/p>\n<p><strong>Venres <\/strong>de 16:30 a 21:00 h.<br \/><strong>S\u00e1bado <\/strong>de 9:30 a 14:00 hrs. e de 17:00 a 21:00 h.<br \/><strong>Domingo<\/strong> de 9:30 a 13:30 h.<\/p>\n","protected":false},"excerpt":{"rendered":"<p>Regresan a Bri\u00f3n os Encontros coa Arte, unhas xornadas de convivencia e creaci\u00f3n art\u00edstica que re\u00fanen no noso municipio artistas pl\u00e1sticos procedentes de distintos lugares de Galicia e do Estado. Ao longo de tres d\u00edas, participar\u00e1n en diferentes actividades de difusi\u00f3n das artes pl\u00e1sticas abertas a toda a cidadan\u00eda. PROGRAMA: Venres 30 de xu\u00f1o De [&hellip;]<\/p>\n","protected":false},"author":1,"featured_media":2348,"comment_status":"open","ping_status":"open","sticky":false,"template":"","format":"standard","meta":{"_start_date":"2023-06-30","_end_date":"2023-07-02","_formatted_date":"Do 30 de xu\u00f1o ao 2 de xullo de 2023","_start_time":"Do 30 de xu\u00f1o ao 2 de xullo de 2023","_end_time":"","_extra_info":"Bri\u00f3n, Padr\u00f3n e Rois","_acta_year":"","_acta_date":"","_post_attachments":[]},"categories":[1],"tags":[],"class_list":["post-2349","post","type-post","status-publish","format-standard","has-post-thumbnail","hentry","category-general-gl"],"categories_data":[{"id":1,"name":"General","slug":"general-gl"}],"_links":{"self":[{"href":"https:\/\/brion.codeloper.dev\/es\/wp-json\/wp\/v2\/posts\/2349","targetHints":{"allow":["GET"]}}],"collection":[{"href":"https:\/\/brion.codeloper.dev\/es\/wp-json\/wp\/v2\/posts"}],"about":[{"href":"https:\/\/brion.codeloper.dev\/es\/wp-json\/wp\/v2\/types\/post"}],"author":[{"embeddable":true,"href":"https:\/\/brion.codeloper.dev\/es\/wp-json\/wp\/v2\/users\/1"}],"replies":[{"embeddable":true,"href":"https:\/\/brion.codeloper.dev\/es\/wp-json\/wp\/v2\/comments?post=2349"}],"version-history":[{"count":1,"href":"https:\/\/brion.codeloper.dev\/es\/wp-json\/wp\/v2\/posts\/2349\/revisions"}],"predecessor-version":[{"id":4030,"href":"https:\/\/brion.codeloper.dev\/es\/wp-json\/wp\/v2\/posts\/2349\/revisions\/4030"}],"wp:featuredmedia":[{"embeddable":true,"href":"https:\/\/brion.codeloper.dev\/es\/wp-json\/wp\/v2\/media\/2348"}],"wp:attachment":[{"href":"https:\/\/brion.codeloper.dev\/es\/wp-json\/wp\/v2\/media?parent=2349"}],"wp:term":[{"taxonomy":"category","embeddable":true,"href":"https:\/\/brion.codeloper.dev\/es\/wp-json\/wp\/v2\/categories?post=2349"},{"taxonomy":"post_tag","embeddable":true,"href":"https:\/\/brion.codeloper.dev\/es\/wp-json\/wp\/v2\/tags?post=2349"}],"curies":[{"name":"wp","href":"https:\/\/api.w.org\/{rel}","templated":true}]}}